{"id":236189,"date":"2023-05-22T16:48:26","date_gmt":"2023-05-22T14:48:26","guid":{"rendered":"https:\/\/www.cronacaonline.it\/?p=236189"},"modified":"2023-05-22T16:48:29","modified_gmt":"2023-05-22T14:48:29","slug":"consiglio-sardegna-commissioni-il-calendario-della-settimana-32","status":"publish","type":"post","link":"https:\/\/www.cronacaonline.it\/index.php\/2023\/05\/22\/consiglio-sardegna-commissioni-il-calendario-della-settimana-32\/","title":{"rendered":"Consiglio Sardegna &#8211; Commissioni: il calendario della settimana."},"content":{"rendered":"\n<p>Cagliari, 22 Magg 2023 \u2013 L\u2019attivit\u00e0 della commissioni consiliari riprender\u00e0 da domani (marted\u00ec 23 maggio) con la seduta della commissione Lavoro e Cultura, presieduta da Sara Canu (Fdi), convocata per le ore 10.00.<\/p>\n\n\n\n<p>In programma l\u2019audizione dell\u2019assessore della Cultura Andrea Biancareddu che riferir\u00e0 sugli emendamenti al Dl n.373 (Collegato alla Finanziaria).<\/p>\n\n\n\n<p>Sempre per marted\u00ec, ma alle 10.30, \u00e8 stata convocata la commissione Governo del territorio, presieduta da Giuseppe Talanas (Forza Italia). All\u2019ordine del giorno l\u2019esame della Pl n.281 (Piras e pi\u00f9-Interventi a favore delle campagne antincendi-Coinvolgimento dei cacciatori nella prevenzione) sulla quale riferiranno l\u2019assessore dell\u2019Ambiente Marco Porcu, i direttori generali del Corpo forestale e della Protezione civile ed i rappresentanti delle organizzazioni sindacali confederali ed autonome.<\/p>\n\n\n\n<p>All\u2019esame della commissione anche il Testo unico sull\u2019edilizia abitativa.<\/p>\n\n\n\n<p>I lavori proseguiranno alle 16.00 e, se necessario, nella giornata successiva.<\/p>\n\n\n\n<p>Ancora gioved\u00ec, con inizio alle 11.30, si terr\u00e0 la seduta della commissione Attivit\u00e0 produttive, presieduta da Piero Maieli (Psd\u2019Az). Primo argomento in discussione gli emendamenti al Dl n.373 (Collegato alla Finanziaria). Inoltre, sar\u00e0 esaminata la Pl n.282 (Maieli e pi\u00f9) nella parte relativa alla riforma dei Consorzi di Bonifica. Interverranno in audizione l\u2019assessore dell\u2019Agricoltura Valeria Satta ed i rappresentanti delle associazioni di categoria dei Consorzi.<\/p>\n\n\n\n<p>Successivamente la commissione si occuper\u00e0 della Pl n.351 (Piga e pi\u00f9) sullo sviluppo delle aggregazioni di imprese tramite i contratti di rete. Saranno sentiti i responsabili di Confartigianato, Confcommercio, Confindustria, Confesercenti, Cna, Agci, Cia, Coldiretti, Confagricoltura, Confapi, Confcooperative e Lagacoop.<\/p>\n\n\n\n<p>La riunione proseguir\u00e0 nel pomeriggio alle 15.30. Previste le audizioni del Sindaco di Laconi sulla valorizzazione della razza equina del Sarcidano e del Comitato difesa territoriale dello stesso Sarcidano sull\u2019installazione di impianti eolici. Com<\/p>\n","protected":false},"excerpt":{"rendered":"<p>Cagliari, 22 Magg 2023 \u2013 L\u2019attivit\u00e0 della commissioni consiliari riprender\u00e0 da domani (marted\u00ec 23 maggio) con la seduta della commissione Lavoro e Cultura, presieduta da&#8230;<\/p>\n","protected":false},"author":2,"featured_media":192512,"comment_status":"closed","ping_status":"open","sticky":false,"template":"","format":"standard","meta":[],"categories":[49,52],"tags":[],"_links":{"self":[{"href":"https:\/\/www.cronacaonline.it\/index.php\/wp-json\/wp\/v2\/posts\/236189"}],"collection":[{"href":"https:\/\/www.cronacaonline.it\/index.php\/wp-json\/wp\/v2\/posts"}],"about":[{"href":"https:\/\/www.cronacaonline.it\/index.php\/wp-json\/wp\/v2\/types\/post"}],"author":[{"embeddable":true,"href":"https:\/\/www.cronacaonline.it\/index.php\/wp-json\/wp\/v2\/users\/2"}],"replies":[{"embeddable":true,"href":"https:\/\/www.cronacaonline.it\/index.php\/wp-json\/wp\/v2\/comments?post=236189"}],"version-history":[{"count":1,"href":"https:\/\/www.cronacaonline.it\/index.php\/wp-json\/wp\/v2\/posts\/236189\/revisions"}],"predecessor-version":[{"id":236190,"href":"https:\/\/www.cronacaonline.it\/index.php\/wp-json\/wp\/v2\/posts\/236189\/revisions\/236190"}],"wp:featuredmedia":[{"embeddable":true,"href":"https:\/\/www.cronacaonline.it\/index.php\/wp-json\/wp\/v2\/media\/192512"}],"wp:attachment":[{"href":"https:\/\/www.cronacaonline.it\/index.php\/wp-json\/wp\/v2\/media?parent=236189"}],"wp:term":[{"taxonomy":"category","embeddable":true,"href":"https:\/\/www.cronacaonline.it\/index.php\/wp-json\/wp\/v2\/categories?post=236189"},{"taxonomy":"post_tag","embeddable":true,"href":"https:\/\/www.cronacaonline.it\/index.php\/wp-json\/wp\/v2\/tags?post=236189"}],"curies":[{"name":"wp","href":"https:\/\/api.w.org\/{rel}","templated":true}]}}