{"id":236179,"date":"2023-05-22T14:57:18","date_gmt":"2023-05-22T12:57:18","guid":{"rendered":"https:\/\/www.cronacaonline.it\/?p=236179"},"modified":"2023-05-22T14:57:21","modified_gmt":"2023-05-22T12:57:21","slug":"cannonau-likeness-international-lassessore-satta-a-oliena-unaltra-importante-vetrina-per-valorizzare-il-nostro-vitigno-principe-e-le-imprese-del-settore-vitivinicolo","status":"publish","type":"post","link":"https:\/\/www.cronacaonline.it\/index.php\/2023\/05\/22\/cannonau-likeness-international-lassessore-satta-a-oliena-unaltra-importante-vetrina-per-valorizzare-il-nostro-vitigno-principe-e-le-imprese-del-settore-vitivinicolo\/","title":{"rendered":"Cannonau Likeness International, l\u2019assessore Satta a Oliena: \u201cun\u2019altra importante vetrina per valorizzare il nostro vitigno principe e le imprese del settore vitivinicolo\u201d."},"content":{"rendered":"\n<p>Oliena, 22 Magg 2023\u00a0\u2013 \u201cUna manifestazione dedicata alla valorizzazione del nostro vitigno principe, il Cannonau, oggetto di studio e simbolo della Sardegna sulle tavole di tutto il mondo\u201d. Lo afferma l\u2019assessore regionale dell\u2019Agricoltura, Valeria Satta, che oggi ha preso parte alla cerimonia conclusiva della manifestazione \u201cCannonau Likeness International\u201d. L\u2019evento, dedicato alla selezione dei migliori vini Cannonau e simili, in programma a Oliena dal 20 al 22 maggio, ha visto la partecipazione di numerose cantine e di professionisti del settore vitivinicolo e dell\u2019enoturismo. La tre giorni organizzata dal Comune di Oliena era stata presentata presso il Padiglione Sardegna durante l\u2019ultima edizione del Vinitaly, a Verona, lo scorso 2 aprile.<\/p>\n\n\n\n<p>Non un concorso bens\u00ec un evento che per la sua prima edizione in Sardegna ha voluto dedicarsi alla valorizzazione del vitigno principe dell\u2019Isola, il Cannonau, e dei vitigni ad esso similari: nella manifestazione sono infatti stati messi a confronto il Cannoanu con gli italiani Gamay del Trasimeno, Alicante, Tai Rosso, Granaccia e Grenache marchigiano, e con il Grenache francese e il Garnacha spagnolo.<\/p>\n\n\n\n<p>\u201cI vini della Sardegna non smettono di essere premiati e ricevere importanti riconoscimenti a livello mondiale\u201d afferma l\u2019assessore dell\u2019Agricoltura. \u201cOliena \u00e8 stata in questi tre giorni il fulcro di eventi importantissimi su tutto ci\u00f2 che ruota intorno al mondo del vino: imprenditoria, con un occhio particolare a quella femminile, perch\u00e9 sono tante oggi le aziende agrotecniche e vitivinicole gestite da donne. Oltre al mondo del food e del turismo, perch\u00e9 come testimonia quest\u2019evento, i nostri prodotti uniti alle bellezze dei nostri territori sono capaci di attrarre in visitatori in ogni stagione dell\u2019anno. La Sardegna \u00e8 unica come i suoi prodotti\u201d.<\/p>\n\n\n\n<p>Cannonau Likeness International si \u00e8 articolata in eventi degustativi e masterclass tenute dagli esperti su tematiche comunicazione, enoturismo e neuromarketing, completate dalla proiezione di un documentario sulla Blue Zone a cura del regista Pietro Mereu. Com<\/p>\n","protected":false},"excerpt":{"rendered":"<p>Oliena, 22 Magg 2023\u00a0\u2013 \u201cUna manifestazione dedicata alla valorizzazione del nostro vitigno principe, il Cannonau, oggetto di studio e simbolo della Sardegna sulle tavole di&#8230;<\/p>\n","protected":false},"author":2,"featured_media":236180,"comment_status":"closed","ping_status":"open","sticky":false,"template":"","format":"standard","meta":[],"categories":[49,52],"tags":[],"_links":{"self":[{"href":"https:\/\/www.cronacaonline.it\/index.php\/wp-json\/wp\/v2\/posts\/236179"}],"collection":[{"href":"https:\/\/www.cronacaonline.it\/index.php\/wp-json\/wp\/v2\/posts"}],"about":[{"href":"https:\/\/www.cronacaonline.it\/index.php\/wp-json\/wp\/v2\/types\/post"}],"author":[{"embeddable":true,"href":"https:\/\/www.cronacaonline.it\/index.php\/wp-json\/wp\/v2\/users\/2"}],"replies":[{"embeddable":true,"href":"https:\/\/www.cronacaonline.it\/index.php\/wp-json\/wp\/v2\/comments?post=236179"}],"version-history":[{"count":1,"href":"https:\/\/www.cronacaonline.it\/index.php\/wp-json\/wp\/v2\/posts\/236179\/revisions"}],"predecessor-version":[{"id":236181,"href":"https:\/\/www.cronacaonline.it\/index.php\/wp-json\/wp\/v2\/posts\/236179\/revisions\/236181"}],"wp:featuredmedia":[{"embeddable":true,"href":"https:\/\/www.cronacaonline.it\/index.php\/wp-json\/wp\/v2\/media\/236180"}],"wp:attachment":[{"href":"https:\/\/www.cronacaonline.it\/index.php\/wp-json\/wp\/v2\/media?parent=236179"}],"wp:term":[{"taxonomy":"category","embeddable":true,"href":"https:\/\/www.cronacaonline.it\/index.php\/wp-json\/wp\/v2\/categories?post=236179"},{"taxonomy":"post_tag","embeddable":true,"href":"https:\/\/www.cronacaonline.it\/index.php\/wp-json\/wp\/v2\/tags?post=236179"}],"curies":[{"name":"wp","href":"https:\/\/api.w.org\/{rel}","templated":true}]}}