{"id":236176,"date":"2023-05-22T14:54:47","date_gmt":"2023-05-22T12:54:47","guid":{"rendered":"https:\/\/www.cronacaonline.it\/?p=236176"},"modified":"2023-05-22T14:54:50","modified_gmt":"2023-05-22T12:54:50","slug":"maltempo-sopralluogo-dellassessore-saiu-al-ponte-di-oloe-e-alla-foce-del-cedrino-il-contrasto-al-rischio-idrogeologico-e-la-nostra-priorita","status":"publish","type":"post","link":"https:\/\/www.cronacaonline.it\/index.php\/2023\/05\/22\/maltempo-sopralluogo-dellassessore-saiu-al-ponte-di-oloe-e-alla-foce-del-cedrino-il-contrasto-al-rischio-idrogeologico-e-la-nostra-priorita\/","title":{"rendered":"Maltempo, sopralluogo dell\u2019assessore Saiu al ponte di Olo\u00e9 e alla foce del Cedrino: \u201cil contrasto al rischio idrogeologico \u00e8 la nostra priorit\u00e0\u201d."},"content":{"rendered":"\n<p>Nuoro, 22 Magg 2023\u00a0- L'assessore regionale dei Lavori pubblici, Pierluigi Saiu, ha effettuato un sopralluogo, questa mattina, al cantiere del ponte di Olo\u00e9, nel territorio di Oliena, e alla foce del Cedrino, per valutare lo stato dei luoghi dopo l'esondazione del fiume in alcuni punti a causa delle forti piogge.<\/p>\n\n\n\n<p>\"Da venerd\u00ec sera a ieri - dichiara l'assessore Saiu - nel nuorese si sono verificate precipitazioni eccezionali, con picchi di oltre 300 millimetri di pioggia caduti in 48 ore nella parte centro orientale dell\u2019Isola e in particolare nella zona di Dorgali\u201d.<\/p>\n\n\n\n<p>Registrati alcuni disagi al cantiere del ponte di Olo\u00e9, dove sono in corso i lavori per il miglioramento della funzionalit\u00e0 idraulica dell\u2019infrastruttura. \u201cHo voluto verificare di persona la situazione - dichiara l\u2019assessore Saiu -. Insieme al sindaco di Oliena, al direttore del Genio civile di Nuoro e ai tecnici della stazione appaltante e dell\u2019impresa che sta eseguendo gli interventi abbiamo visitato il sito e gli operai sono gi\u00e0 impegnati nei ripristini necessari alla prosecuzione dei lavori\u201d.<\/p>\n\n\n\n<p>\u201cIl contrasto al rischio idrogeologico - sottolinea l\u2019assessore - rappresenta una priorit\u00e0 per la Regione, in particolare sugli interventi necessari ai territori pi\u00f9 fragili, che hanno gi\u00e0 sofferto a causa di eventi calamitosi. \u00c8 in fase di progettazione la realizzazione degli argini a protezione degli abitati di Irgoli e Onifai sulla sinistra idraulica del fiume Cedrino\u201d.<\/p>\n\n\n\n<p>A Orosei, dove l\u2019assessore ha incontrato i sindaci di Orosei e Galtell\u00ec, sotto controllo la situazione alla foce del fiume dove: \u201cl\u2019apertura meccanica, successiva a quella spontanea a nord in prossimit\u00e0 della foce armata, ha consentito all\u2019acqua di defluire verso il mare, migliorando le condizioni\u201d, conclude l\u2019esponente della Giunta. Com<\/p>\n","protected":false},"excerpt":{"rendered":"<p>Nuoro, 22 Magg 2023\u00a0&#8211; L&#8217;assessore regionale dei Lavori pubblici, Pierluigi Saiu, ha effettuato un sopralluogo, questa mattina, al cantiere del ponte di Olo\u00e9, nel territorio&#8230;<\/p>\n","protected":false},"author":2,"featured_media":236177,"comment_status":"closed","ping_status":"open","sticky":false,"template":"","format":"standard","meta":[],"categories":[49,52],"tags":[],"_links":{"self":[{"href":"https:\/\/www.cronacaonline.it\/index.php\/wp-json\/wp\/v2\/posts\/236176"}],"collection":[{"href":"https:\/\/www.cronacaonline.it\/index.php\/wp-json\/wp\/v2\/posts"}],"about":[{"href":"https:\/\/www.cronacaonline.it\/index.php\/wp-json\/wp\/v2\/types\/post"}],"author":[{"embeddable":true,"href":"https:\/\/www.cronacaonline.it\/index.php\/wp-json\/wp\/v2\/users\/2"}],"replies":[{"embeddable":true,"href":"https:\/\/www.cronacaonline.it\/index.php\/wp-json\/wp\/v2\/comments?post=236176"}],"version-history":[{"count":1,"href":"https:\/\/www.cronacaonline.it\/index.php\/wp-json\/wp\/v2\/posts\/236176\/revisions"}],"predecessor-version":[{"id":236178,"href":"https:\/\/www.cronacaonline.it\/index.php\/wp-json\/wp\/v2\/posts\/236176\/revisions\/236178"}],"wp:featuredmedia":[{"embeddable":true,"href":"https:\/\/www.cronacaonline.it\/index.php\/wp-json\/wp\/v2\/media\/236177"}],"wp:attachment":[{"href":"https:\/\/www.cronacaonline.it\/index.php\/wp-json\/wp\/v2\/media?parent=236176"}],"wp:term":[{"taxonomy":"category","embeddable":true,"href":"https:\/\/www.cronacaonline.it\/index.php\/wp-json\/wp\/v2\/categories?post=236176"},{"taxonomy":"post_tag","embeddable":true,"href":"https:\/\/www.cronacaonline.it\/index.php\/wp-json\/wp\/v2\/tags?post=236176"}],"curies":[{"name":"wp","href":"https:\/\/api.w.org\/{rel}","templated":true}]}}