{"id":236172,"date":"2023-05-22T12:47:29","date_gmt":"2023-05-22T10:47:29","guid":{"rendered":"https:\/\/www.cronacaonline.it\/?p=236172"},"modified":"2023-05-22T12:47:30","modified_gmt":"2023-05-22T10:47:30","slug":"diritto-allo-studio-proposta-di-legge-per-la-tutela-della-salute-mentale-degli-studenti-e-il-potenziamento-del-supporto-psicologico","status":"publish","type":"post","link":"https:\/\/www.cronacaonline.it\/index.php\/2023\/05\/22\/diritto-allo-studio-proposta-di-legge-per-la-tutela-della-salute-mentale-degli-studenti-e-il-potenziamento-del-supporto-psicologico\/","title":{"rendered":"Diritto allo studio, proposta di legge per la tutela della salute mentale degli studenti e il potenziamento del supporto psicologico."},"content":{"rendered":"\n<p>Cagliari, 22 Magg 2023 -\u00a0 1,8 milioni di euro in tre anni per garantire il supporto psicologico a studenti e personale degli atenei sardi. Lo prevede la proposta di legge depositata in Consiglio regionale da tutti i gruppi di minoranza e presentata questa mattina alla stampa.<\/p>\n\n\n\n<p>\u201c\u00c8 una proposta che nasce dalla sollecitazione delle organizzazioni studentesche \u2013 ha detto il capogruppo dei Progressisti Francesco Agus \u2013 su questi temi ci sono stati finora risposte sporadici. Ci\u00f2 che serve invece \u00e8 un piano organico che metta in campo risorse e preveda un accordo tra Regione e Universit\u00e0 per pianificare gli interventi\u201d.<\/p>\n\n\n\n<p>La proposta di legge tiene conto di indagini e studi sul disagio giovanile che hanno messo in luce una situazione preoccupante, amplificata dai due anni di pandemia. Il 91% degli studenti (secondo una ricerca condotta da Ires, Alta scuola Spi-Cgil, Rete degli studenti medi e Unione degli Universitari) mostra preoccupazione sul fronte della salute mentale. Uno studente su tre, lo scorso anno, ha fatto ricorso a un servizio di consulenza psicologica. Ma per ottenere risposte, visto il funzionamento e la scarsa pubblicit\u00e0 data ai servizi presenti negli atenei, ci si rivolge quasi sempre alle strutture private: il 60% degli studenti in difficolt\u00e0 ha scelto questa strada mentre il 13% \u00e8 riuscito ad accedere ai servizi degli atenei. \u201cNell\u2019Ateneo di Cagliari operano solo tre psicoterapeuti \u2013 ha detto la rappresentante degli studenti Maura Curridori \u2013 per una consulenza occorre attendere tre mesi. Ora il servizio \u00e8 stato addirittura sospeso\u201d. Non va meglio a Sassari, nonostante un finanziamento regionale di 300mila euro per l\u2019attivazione del servizio di supporto psicologico: \u201cEra prevista una struttura con 6 operatori \u2013 ha proseguito Curridori \u2013 attualmente in servizio ne \u00e8 rimasto solo uno\u00bb. \u201cLa situazione \u00e8 delicata \u2013 ha aggiunto il responsabile organizzativo di Unicalaris Alessio Arriu \u2013 il disagio tra gli studenti \u00e8 cresciuto, la pandemia ha scatenato situazioni latenti che devono essere affrontate al meglio\u201d.<\/p>\n\n\n\n<p>La proposta di legge va proprio in questa direzione. \u201cC\u2019\u00e8 un vuoto che bisogna colmare \u2013 ha detto il segretario regionale del Pd Piero Comandini \u2013 anche perch\u00e9 le risorse stanziate per il bonus psicologico in finanziaria sono poche (appena 270mila euro) e le procedure per riceverlo farraginose. Servono maggiori risorse e sistemi di accesso pi\u00f9 agili tenendo conto di tutto quello che ci ha lasciato la pandemia\u201d. Giudizio condiviso da Michele Ciusa (M5S): \u201cI problemi per gli studenti sardi in questi anni sono cresciuti. Basta pensare ai ritardi di programmazione dell\u2019Ersu di Cagliari. Bisogna attrezzarsi per affrontare al meglio il futuro\u201d. Secondo Massimo Zedda (Progressisti) il supporto psicologico dovrebbe essere esteso anche agli studenti dei licei e degli istituti professionali: \u201cSono molte le situazioni a rischio che meritano maggiore attenzione da parte delle istituzioni - ha detto Zedda \u2013 partiamo dalle Universit\u00e0 ma non dimentichiamo i ragazzi pi\u00f9 giovani\u201d.<\/p>\n\n\n\n<p>Alla conferenza stampa ha partecipato anche la deputata di Alleanza Verdi Sinistra Francesca Ghirra che ha rivolto un plauso all\u2019iniziativa consiliare: \u201c\u00c8 una risposta doverosa al disagio manifestato dagli studenti \u2013 ha detto Ghirra \u2013 a livello nazionale anche noi stiamo lavorando a un provvedimento analogo con la collaborazione dell\u2019Unione degli universitari. Ci\u00f2 che si deve fare \u00e8 puntare a provvedimenti di prospettiva che garantiscano il diritto allo studio a tutti\u201d. Red<\/p>\n","protected":false},"excerpt":{"rendered":"<p>Cagliari, 22 Magg 2023 &#8211;\u00a0 1,8 milioni di euro in tre anni per garantire il supporto psicologico a studenti e personale degli atenei sardi. Lo&#8230;<\/p>\n","protected":false},"author":2,"featured_media":192512,"comment_status":"closed","ping_status":"open","sticky":false,"template":"","format":"standard","meta":[],"categories":[49,52],"tags":[],"_links":{"self":[{"href":"https:\/\/www.cronacaonline.it\/index.php\/wp-json\/wp\/v2\/posts\/236172"}],"collection":[{"href":"https:\/\/www.cronacaonline.it\/index.php\/wp-json\/wp\/v2\/posts"}],"about":[{"href":"https:\/\/www.cronacaonline.it\/index.php\/wp-json\/wp\/v2\/types\/post"}],"author":[{"embeddable":true,"href":"https:\/\/www.cronacaonline.it\/index.php\/wp-json\/wp\/v2\/users\/2"}],"replies":[{"embeddable":true,"href":"https:\/\/www.cronacaonline.it\/index.php\/wp-json\/wp\/v2\/comments?post=236172"}],"version-history":[{"count":1,"href":"https:\/\/www.cronacaonline.it\/index.php\/wp-json\/wp\/v2\/posts\/236172\/revisions"}],"predecessor-version":[{"id":236173,"href":"https:\/\/www.cronacaonline.it\/index.php\/wp-json\/wp\/v2\/posts\/236172\/revisions\/236173"}],"wp:featuredmedia":[{"embeddable":true,"href":"https:\/\/www.cronacaonline.it\/index.php\/wp-json\/wp\/v2\/media\/192512"}],"wp:attachment":[{"href":"https:\/\/www.cronacaonline.it\/index.php\/wp-json\/wp\/v2\/media?parent=236172"}],"wp:term":[{"taxonomy":"category","embeddable":true,"href":"https:\/\/www.cronacaonline.it\/index.php\/wp-json\/wp\/v2\/categories?post=236172"},{"taxonomy":"post_tag","embeddable":true,"href":"https:\/\/www.cronacaonline.it\/index.php\/wp-json\/wp\/v2\/tags?post=236172"}],"curies":[{"name":"wp","href":"https:\/\/api.w.org\/{rel}","templated":true}]}}