{"id":236151,"date":"2023-05-21T10:50:46","date_gmt":"2023-05-21T08:50:46","guid":{"rendered":"https:\/\/www.cronacaonline.it\/?p=236151"},"modified":"2023-05-21T10:50:49","modified_gmt":"2023-05-21T08:50:49","slug":"sanita-di-iglesias-dichiarazione-della-consigliera-regionale-carla-cuccu-idea-sardegna-basta-sabotaggi-della-giunta-regionale-sarda-sulla-nostra-sanita-locale","status":"publish","type":"post","link":"https:\/\/www.cronacaonline.it\/index.php\/2023\/05\/21\/sanita-di-iglesias-dichiarazione-della-consigliera-regionale-carla-cuccu-idea-sardegna-basta-sabotaggi-della-giunta-regionale-sarda-sulla-nostra-sanita-locale\/","title":{"rendered":"Sanit\u00e0 di Iglesias, dichiarazione della consigliera regionale Carla Cuccu (Idea Sardegna): \u2018basta sabotaggi della Giunta regionale sarda sulla nostra sanit\u00e0 locale\u2019."},"content":{"rendered":"\n<p>Cagliari, 19 Magg 2023 \u2013 \u201cTanti mesi e nessuna risposta. Ho fatto tantissime interrogazioni, ho parlato con la ASL, con i medici e con tantissimi cittadini di Iglesias. Ho presentato una nuova interrogazione, l\u2019ennesima, all'assessore alla sanit\u00e0 ed al presidente della Regione sarda per avere risposte circostanziate ed immediate.<br>Ora non \u00e8 pi\u00f9 possibile andare avanti. Serve rispettare la rete ospedaliera della Regione Sardegna\u201d.<\/p>\n\n\n\n<p>\u201cIl Cto di Iglesias presenta reparti di eccellenza, come il Laboratorio Analisi, Pediatria, Ginecologia e Ostetricia, il blocco sala operatoria ed Ortopedia.<br>Reparti recentemente ristrutturati ed attrezzati con strumentazione di ultima generazione per i quali sono stati spesi milioni di euro di soldi pubblici. Basta con questa intenzione della ASL di demotivare i medici per riuscire a chiudere questo fondamentale polo ospedaliero. Ne siamo stufi\u201d.<\/p>\n\n\n\n<p>La Regione aveva creato ed organizzato la rete ospedaliera del 2017\/19 dove prevede le due strutture complesse di traumatologia Ortopedia una al Cto ed una al Sirai. Nel tempo sono state tantissime le intenzioni e le azioni volte a disattendere questa organizzazione ed ora risulta addirittura che l'ortopedia del Cto viene declassata a struttura semplice dipartimentale non avendo pi\u00f9 un primario che possa garantire l'efficienza del reparto. E ci\u00f2 nonostante il Cto vanti un primario di ortopedia di eccellenti e rinomate competenze che, insieme ai suoi colleghi altrettanto valenti, garantisce anche la continuit\u00e0 della nomea del nosocomio nel panorama sanitario nazionale. Come mai? L\u2019intento \u00e8 chiaro. Chiudere Iglesias e favorire Carbonia.<\/p>\n\n\n\n<p>\u201c\u00c8 importantissimo tenere aperto anche il punto nascita di Iglesias. Il quale deve prevedere che nell'unit\u00e0 operativa sia presente la sala operatoria e la sala parto, ed anche il reparto di Neonatologia proprio com'\u00e8 al C.T.O.&nbsp; d\u2019Iglesias.<br>Deve tornare ad essere un punto di riferimento per tutti i cittadini, vista l\u2019altissima preparazione dei nostri medici e la grande professionalit\u00e0 e volont\u00e0 di tutta l\u2019equipe\u201d.<\/p>\n\n\n\n<p>\u201cDal 15 febbraio non si \u00e8 pi\u00f9 fatto nulla per il Pronto soccorso del Cto di Iglesias. Non si \u00e8 fatto niente per assumere nuovi medici e ripristinare lo stato precedente.<br>Attualmente il pronto soccorso sta funzionando 24 ore su 24 sette giorni su sette ma, pretendiamo, come prevede la rete ospedaliera, che non funzioni solo per codici bianchi e verdi, ma funzioni per tutte le urgenze.<br>Ancor di pi\u00f9 da adesso in poi ove nel territorio dell'iglesiente si riversano migliaia di turisti che scelgono Iglesias ed il suo territorio certi che l'offerta sanitaria sia eccellente.<\/p>\n\n\n\n<p>La Asl e la Regione devono pensare ai cittadini, alla loro salute. Non si pu\u00f2 pensare di continuare cos\u00ec. Vogliamo risposte, vogliamo certezze. Vogliamo che venga rispettata la rete ospedaliera\u201d.<\/p>\n\n\n\n<p>\u201cIo continuer\u00f2 ad impegnarmi, - conclude l\u2019esponente politico sardo - con ogni mezzo possibile, per risolvere questa situazione. Dal mio ruolo in Consiglio Regionale, di segretaria nella Commissione Sanit\u00e0, voglio risposte.<\/p>\n\n\n\n<p>La giunta Regionale della Sardegna e la Asl non possono pensare ai loro interessi a discapito della salute di tutti noi, continuando a costringere i cittadini a varcare il Tirreno per essere curati alimentando altro sperpero di denaro pubblico\u201d. Com<\/p>\n","protected":false},"excerpt":{"rendered":"<p>Cagliari, 19 Magg 2023 \u2013 \u201cTanti mesi e nessuna risposta. Ho fatto tantissime interrogazioni, ho parlato con la ASL, con i medici e con tantissimi&#8230;<\/p>\n","protected":false},"author":2,"featured_media":236153,"comment_status":"closed","ping_status":"open","sticky":false,"template":"","format":"standard","meta":[],"categories":[49,52],"tags":[],"_links":{"self":[{"href":"https:\/\/www.cronacaonline.it\/index.php\/wp-json\/wp\/v2\/posts\/236151"}],"collection":[{"href":"https:\/\/www.cronacaonline.it\/index.php\/wp-json\/wp\/v2\/posts"}],"about":[{"href":"https:\/\/www.cronacaonline.it\/index.php\/wp-json\/wp\/v2\/types\/post"}],"author":[{"embeddable":true,"href":"https:\/\/www.cronacaonline.it\/index.php\/wp-json\/wp\/v2\/users\/2"}],"replies":[{"embeddable":true,"href":"https:\/\/www.cronacaonline.it\/index.php\/wp-json\/wp\/v2\/comments?post=236151"}],"version-history":[{"count":1,"href":"https:\/\/www.cronacaonline.it\/index.php\/wp-json\/wp\/v2\/posts\/236151\/revisions"}],"predecessor-version":[{"id":236154,"href":"https:\/\/www.cronacaonline.it\/index.php\/wp-json\/wp\/v2\/posts\/236151\/revisions\/236154"}],"wp:featuredmedia":[{"embeddable":true,"href":"https:\/\/www.cronacaonline.it\/index.php\/wp-json\/wp\/v2\/media\/236153"}],"wp:attachment":[{"href":"https:\/\/www.cronacaonline.it\/index.php\/wp-json\/wp\/v2\/media?parent=236151"}],"wp:term":[{"taxonomy":"category","embeddable":true,"href":"https:\/\/www.cronacaonline.it\/index.php\/wp-json\/wp\/v2\/categories?post=236151"},{"taxonomy":"post_tag","embeddable":true,"href":"https:\/\/www.cronacaonline.it\/index.php\/wp-json\/wp\/v2\/tags?post=236151"}],"curies":[{"name":"wp","href":"https:\/\/api.w.org\/{rel}","templated":true}]}}