{"id":236114,"date":"2023-05-20T08:27:40","date_gmt":"2023-05-20T06:27:40","guid":{"rendered":"https:\/\/www.cronacaonline.it\/?p=236114"},"modified":"2023-05-20T08:27:43","modified_gmt":"2023-05-20T06:27:43","slug":"autonomia-differenziata-delle-regioni-garibaldi-ha-fatto-litalia-leccentrico-calderoli-la-vuole-disfare-ieri-il-ministro-a-cagliari-in-consiglio-regionale-nella-maggioran","status":"publish","type":"post","link":"https:\/\/www.cronacaonline.it\/index.php\/2023\/05\/20\/autonomia-differenziata-delle-regioni-garibaldi-ha-fatto-litalia-leccentrico-calderoli-la-vuole-disfare-ieri-il-ministro-a-cagliari-in-consiglio-regionale-nella-maggioran\/","title":{"rendered":"Autonomia differenziata delle Regioni \u2013 Garibaldi ha fatto l\u2019Italia l\u2019eccentrico Calderoli la vuole disfare. Ieri il ministro a Cagliari in Consiglio regionale. Nella maggioranza unica voce contraria quella del Consigliere dei Riformatori sardi Cossa."},"content":{"rendered":"\n<p>Cagliari, 19 Magg 2023 - \u201cFino a quando non sar\u00e0 declinato il principio di insularit\u00e0 per noi non si potr\u00e0 parlare di autonomia differenziata, perch\u00e9 alla radice di gran parte dei problemi della Sardegna c\u2019\u00e8 proprio la sua condizione insulare\u201d. Lo ha affermato il presidente della Commissione speciale per il principio di insularit\u00e0, Michele Cossa (Riformatori sardi), intervenendo all\u2019incontro con il ministro per gli Affari regionale e le autonomie, Roberto Calderoli. \u201cLo Stato sta iniziando male, anzi malissimo con la prima applicazione del principio di insularit\u00e0, ha continuato Cossa: nella prima bozza del disegno di legge sull\u2019Autonomia differenziata non era neanche stato nominato, anche se poi inserito successivamente. Ma non solo, nella Legge di Bilancio \u2013 ha continuato - sono stati previsti soltanto 5 milioni di euro per rimuovere gli svantaggi dell\u2019insularit\u00e0 per la Sardegna e la Sicilia, il Governo ha anche approvato il Rapporto sulla Politica di Coesione, relegando l\u2019insularit\u00e0 a una nota, mentre nel Def non c\u2019\u00e8 alcuna traccia di misure per affrontare la questione. Quello che emerge \u00e8 una totale indifferenza da parte del Governo verso il principio di insularit\u00e0 presente nella nostra Carta costituzionale\u201d.<\/p>\n\n\n\n<p>Cossa ha poi proseguito, ricordando che l\u2019Istituto Bruno Leoni ha quantificato in 5.700 euro l\u2019anno lo svantaggio economico, legato alla condizione insulare, per ogni cittadino sardo: \u201cNon stiamo chiedendo interventi assistenzialistici, ma soltanto di avere le stesse opportunit\u00e0 dei cittadini italiani che vivono nelle regioni non insulari. Non \u00e8 possibile che Francia spenda 248 euro pro capite, la Spagna 180 per garantire la continuit\u00e0 territoriale da e per le loro regioni insulari e l\u2019Italia non si faccia carico del problema, lasciando l\u2019intero onere alla Regione, che riesce a spendere appena 25 euro pro capite\u201d. Cossa ha chiesto al Ministro \u201cl\u2019istituzione di un tavolo politico bilaterale, Regione-Governo, per varare azioni immediate e concrete da portare avanti per l\u2019attuazione del principio di insularit\u00e0, a partire proprio dalla continuit\u00e0 territoriale, l\u2019aspetto che i sardi soffrono maggiormente\u201d.<\/p>\n\n\n\n<p>Stefano Tunis (Misto), nel suo intervento, ha sottolineato l\u2019importante disparit\u00e0 relativa alle tariffe energetiche: nonostante la Sardegna sia il pi\u00f9 importante hub energetico del Paese, il cittadino sardo paga il kwh termico il doppio rispetto ai residenti di altre regioni. Tunis ha evidenziato, inoltre, che la particolarit\u00e0 della bassa densit\u00e0 di popolazione e della morfologia della Sardegna sar\u00e0 da tenere in considerazione per la definizione dei Lep.<\/p>\n\n\n\n<p>Anche Fausto Piga, capogruppo di FdI, ha ringraziato il ministro per l\u2019attenzione dedicata alla Sardegna. Le leggi non sono perfette e non accontentano tutti, ha detto Piga, ma se oggi la Sardegna non ha reti ferroviarie e continuit\u00e0 territoriale efficienti non \u00e8 colpa dell\u2019Autonomia differenziata che ancora non c\u2019\u00e8. Per Piga il confronto \u00e8 importante anche per capire cosa abbia funzionato e come debba essere modificato. Ed \u00e8 da dalla continuit\u00e0 territoriale, secondo il consigliere di Fratelli d\u2019Italia, che bisogna partire nel declinare le azioni necessarie per attuare il principio di insularit\u00e0, perch\u00e9 il luogo di residenza non deve essere un disagio. Piga ha anche sottolineato che non si deve tenere in considerazione la spesa storica, ma le reali necessit\u00e0 della Regione a partire dalle infrastrutture. Credo che l\u2019autonomia differenziata, se scritta bene, possa essere un\u2019opportunit\u00e0.<\/p>\n\n\n\n<p>Il capogruppo di Forza Italia Angelo Cocciu ha apprezzato la grande concretezza con la quale il ministro Calderoli ha affrontato un tema complesso come la riforma dell\u2019autonomia differenziata, nel cui ambito la Sardegna dovr\u00e0 far valere con altrettanta concretezza il principio costituzionale dell\u2019insularit\u00e0.<\/p>\n\n\n\n<p>Il presidente del gruppo Psd\u2019Za Giovanni Satta ha sostenuto che la riforma riguarda soprattutto le Regioni a statuto ordinario, fatta eccezione per la definizione dei Lep mentre, per quanto concerne la Sardegna \u00e8 necessario cambiare lo Statuto speciale per arrivare ad una autonomia compiuta. Che imposti su basi nuove il rapporto con lo Stato. In questa legislatura, ha ricordato Satta, quasi la met\u00e0 delle leggi regionali sono state impugnate, comprese quelle in materia di Sanit\u00e0 i cui costi sono interamente a carico della Regione ed assorbono il 50% del bilancio regionale, nonostante questo non consentono di intervenire per fronteggiare le tante emergenze. Cos\u00ec come, ha aggiunto, la Regione, che pure possiede la pi\u00f9 grande superficie boschiva d\u2019Italia, non pu\u00f2 n\u00e9 proteggerla dagli incendi come dovrebbe n\u00e9 programmarne lo sfruttamento a fini produttivi.<\/p>\n\n\n\n<p>Per il gruppo della Lega il capogruppo Miche Ennas ha rilanciato il tema della modifica del regime europeo degli \u201caiuti di stato\u201d gi\u00e0 sollevato da Cossa, soffermandosi puoi sulle recenti leggi regionali sulla circoscrizione unica della Sardegna per il parlamento europeo e sul ritorno all\u2019elezione diretta delle Province come enti di primo livello, per la quale la Sardegna si candida ad essere un primo \u201claboratorio\u201d in campo nazionale.<\/p>\n\n\n\n<p>Rispondendo agli spunti introdotti nel dibattito dai consiglieri regionali, il Ministro degli affari regionali ha auspicato che, nell\u2019ambito della riforma, la Sardegna possa fare uno scatto in avanti. Sulla Sanit\u00e0, ha ricordato che lo schema del disegno di legge sull\u2019autonomi differenziata consente alla Regione, attraverso l\u2019intesa, di scegliere il trasferimento totale o parziale delle funzioni, a seconda delle proprie esigenze. Affrontando poi il tema delle risorse e dei Lep, Calderoli ha ricordato che l\u2019autonomia differenziata prevede il superamento della cosiddetta \u201cspesa storica\u201d presente nel progetto predisposto dal governo Gentiloni: questo parametro, ha spiegato, viene sostituito dal fabbisogno standard collegato ad ogni materia, nel senso che prima si quantificano le necessit\u00e0 finanziarie e si forma uno standard comune a tutto il territorio nazionale e solo dopo si assegnano le risorse alla singola Regione, sempre attraverso lo strumento dell\u2019intesa. Infine l\u2019energia ed il regime degli aiuti di stato. Sull\u2019energia il Ministro ha precisato che rientra fra le 23 materie delle quali le Regioni possono chiedere in tutto o in parte il trasferimento e, per quanto riguarda gli aiuto di stato, ha riconosciuto l\u2019urgenza di una correzione del sistema attuale, che non tiene conto delle situazioni reali presenti in molte aree e presenta evidenti disparit\u00e0.<\/p>\n\n\n\n<p>Al termine dell\u2019incontro il presidente Pais ha consegnato al ministro una copia della legge approvata dal Consiglio regionale all\u2019unanimit\u00e0 sull\u2019istituzione della circoscrizione della Sardegna per le elezioni al parlamento europeo. Red<\/p>\n","protected":false},"excerpt":{"rendered":"<p>Cagliari, 19 Magg 2023 &#8211; \u201cFino a quando non sar\u00e0 declinato il principio di insularit\u00e0 per noi non si potr\u00e0 parlare di autonomia differenziata, perch\u00e9&#8230;<\/p>\n","protected":false},"author":2,"featured_media":236115,"comment_status":"closed","ping_status":"open","sticky":false,"template":"","format":"standard","meta":[],"categories":[49,52],"tags":[],"_links":{"self":[{"href":"https:\/\/www.cronacaonline.it\/index.php\/wp-json\/wp\/v2\/posts\/236114"}],"collection":[{"href":"https:\/\/www.cronacaonline.it\/index.php\/wp-json\/wp\/v2\/posts"}],"about":[{"href":"https:\/\/www.cronacaonline.it\/index.php\/wp-json\/wp\/v2\/types\/post"}],"author":[{"embeddable":true,"href":"https:\/\/www.cronacaonline.it\/index.php\/wp-json\/wp\/v2\/users\/2"}],"replies":[{"embeddable":true,"href":"https:\/\/www.cronacaonline.it\/index.php\/wp-json\/wp\/v2\/comments?post=236114"}],"version-history":[{"count":1,"href":"https:\/\/www.cronacaonline.it\/index.php\/wp-json\/wp\/v2\/posts\/236114\/revisions"}],"predecessor-version":[{"id":236116,"href":"https:\/\/www.cronacaonline.it\/index.php\/wp-json\/wp\/v2\/posts\/236114\/revisions\/236116"}],"wp:featuredmedia":[{"embeddable":true,"href":"https:\/\/www.cronacaonline.it\/index.php\/wp-json\/wp\/v2\/media\/236115"}],"wp:attachment":[{"href":"https:\/\/www.cronacaonline.it\/index.php\/wp-json\/wp\/v2\/media?parent=236114"}],"wp:term":[{"taxonomy":"category","embeddable":true,"href":"https:\/\/www.cronacaonline.it\/index.php\/wp-json\/wp\/v2\/categories?post=236114"},{"taxonomy":"post_tag","embeddable":true,"href":"https:\/\/www.cronacaonline.it\/index.php\/wp-json\/wp\/v2\/tags?post=236114"}],"curies":[{"name":"wp","href":"https:\/\/api.w.org\/{rel}","templated":true}]}}