{"id":236097,"date":"2023-05-19T15:38:50","date_gmt":"2023-05-19T13:38:50","guid":{"rendered":"https:\/\/www.cronacaonline.it\/?p=236097"},"modified":"2023-05-19T15:38:52","modified_gmt":"2023-05-19T13:38:52","slug":"autonomia-differenziata-di-calderoli-un-altro-porcellum-roba-da-imbroglioni-dichiarazione-dellon-silvio-lai-deputato-pd-della-commissione-bilancio-della-camera","status":"publish","type":"post","link":"https:\/\/www.cronacaonline.it\/index.php\/2023\/05\/19\/autonomia-differenziata-di-calderoli-un-altro-porcellum-roba-da-imbroglioni-dichiarazione-dellon-silvio-lai-deputato-pd-della-commissione-bilancio-della-camera\/","title":{"rendered":"Autonomia differenziata di Calderoli?\u00a0Un altro porcellum, roba da imbroglioni. Dichiarazione dell\u2019on. Silvio Lai, deputato Pd della Commissione Bilancio della Camera."},"content":{"rendered":"\n<p>Roma, 19 Magg 2023 - \"Un incontro tra amici e niente di pi\u00f9. Il ministro Calderoli incontra a Cagliari, peraltro in un salone da pranzo e non in uno spazio istituzionale, un gruppo di consiglieri e assessori della Sardegna e fa ironia sull'assenza delle forze di opposizione. Calderoli piuttosto, se ha in animo di fare il censore, dovrebbe chiedere conto dell'assenza del rappresentante legale e presidente della regione Sardegna che attesta senza ombra di dubbi la non ufficialit\u00e0 della riunione, della quale non ci sono precedenti.<\/p>\n\n\n\n<p>Un incontro tra amici che nasce dalla totale assenza di cultura istituzionale nella forma e nella sostanza della organizzazione e della partecipazione.&nbsp;<\/p>\n\n\n\n<p>Le opposizioni hanno fatto bene a non partecipare anche perch\u00e9 avrebbero continuato ad ascoltare proposte che mal si conciliano con gli interessi della Sardegna e le valutazioni oggettive che il servizio bilancio del Senato ha fatto dell'articolato del ministro Calderoli allorch\u00e9 viene evidenziato la previsione che l'autonomia differenziata produrrebbe ulteriori divaricazioni tra le regioni in termini di opportunit\u00e0 e servizi per i cittadini. Nulla si continua a dire sulle diverse condizioni di partenza delle economie regionali e su come affrontare questa evidente disparit\u00e0 senza nuove risorse. L'allarme arriva proprio dal dossier del Senato allorch\u00e9 si sottolinea che non si possono assegnare funzioni alle Regioni basandosi sulla tassazione regionale che dipende dai cicli economici e dalle condizioni di partenza. E quando Calderoli dice che se lo Stato spende 100 e la regione spender\u00e0 quei 100 significa che dove si spende 40 si continuer\u00e0 perlomeno a spendere solo 40. Tentiamo di spiegarlo cos\u00ec al ministro Calderoli poi passeremo ai disegnini. Ciclo economico negativo meno capacit\u00e0 di tassazione, ergo meno finanziamento alle regioni. Insomma i ricchi saranno pi\u00f9 ricchi, i poveri saranno pi\u00f9 poveri. Per di pi\u00f9 la Sardegna da regione a statuto speciale perderebbe la sua specificit\u00e0 e le sue attuali prerogative, comprese le entrate tributarie.<\/p>\n\n\n\n<p>Vade retro Autonomia differenziata, \u00e8 solo un imbroglio di chi ha imbrogliato gli italiani con la legge elettorale peggiore di tutte, il porcellum. Senza soldi in pi\u00f9 che non ci sono va definita come la Banca d\u2019Italia ha definito la riforma fiscale proposta dal Governo, impraticabile!\" Red<\/p>\n","protected":false},"excerpt":{"rendered":"<p>Roma, 19 Magg 2023 &#8211; &#8220;Un incontro tra amici e niente di pi\u00f9. Il ministro Calderoli incontra a Cagliari, peraltro in un salone da pranzo&#8230;<\/p>\n","protected":false},"author":2,"featured_media":226125,"comment_status":"closed","ping_status":"open","sticky":false,"template":"","format":"standard","meta":[],"categories":[49,52],"tags":[],"_links":{"self":[{"href":"https:\/\/www.cronacaonline.it\/index.php\/wp-json\/wp\/v2\/posts\/236097"}],"collection":[{"href":"https:\/\/www.cronacaonline.it\/index.php\/wp-json\/wp\/v2\/posts"}],"about":[{"href":"https:\/\/www.cronacaonline.it\/index.php\/wp-json\/wp\/v2\/types\/post"}],"author":[{"embeddable":true,"href":"https:\/\/www.cronacaonline.it\/index.php\/wp-json\/wp\/v2\/users\/2"}],"replies":[{"embeddable":true,"href":"https:\/\/www.cronacaonline.it\/index.php\/wp-json\/wp\/v2\/comments?post=236097"}],"version-history":[{"count":1,"href":"https:\/\/www.cronacaonline.it\/index.php\/wp-json\/wp\/v2\/posts\/236097\/revisions"}],"predecessor-version":[{"id":236098,"href":"https:\/\/www.cronacaonline.it\/index.php\/wp-json\/wp\/v2\/posts\/236097\/revisions\/236098"}],"wp:featuredmedia":[{"embeddable":true,"href":"https:\/\/www.cronacaonline.it\/index.php\/wp-json\/wp\/v2\/media\/226125"}],"wp:attachment":[{"href":"https:\/\/www.cronacaonline.it\/index.php\/wp-json\/wp\/v2\/media?parent=236097"}],"wp:term":[{"taxonomy":"category","embeddable":true,"href":"https:\/\/www.cronacaonline.it\/index.php\/wp-json\/wp\/v2\/categories?post=236097"},{"taxonomy":"post_tag","embeddable":true,"href":"https:\/\/www.cronacaonline.it\/index.php\/wp-json\/wp\/v2\/tags?post=236097"}],"curies":[{"name":"wp","href":"https:\/\/api.w.org\/{rel}","templated":true}]}}