{"id":236093,"date":"2023-05-19T15:32:47","date_gmt":"2023-05-19T13:32:47","guid":{"rendered":"https:\/\/www.cronacaonline.it\/?p=236093"},"modified":"2023-05-19T15:32:49","modified_gmt":"2023-05-19T13:32:49","slug":"lavoro-un-ciclo-di-incontri-nei-territori-sulle-nuove-politiche-attive-contro-la-disoccupazione-lunedi-22-si-parte-dallogliastra-lassessore-lai-dare-voce-al-territorio","status":"publish","type":"post","link":"https:\/\/www.cronacaonline.it\/index.php\/2023\/05\/19\/lavoro-un-ciclo-di-incontri-nei-territori-sulle-nuove-politiche-attive-contro-la-disoccupazione-lunedi-22-si-parte-dallogliastra-lassessore-lai-dare-voce-al-territorio\/","title":{"rendered":"Lavoro, un ciclo di incontri nei territori sulle nuove politiche attive contro la disoccupazione. Luned\u00ec 22 si parte dall\u2019Ogliastra. L\u2019assessore Lai: \u201cdare voce al territorio\u201d."},"content":{"rendered":"\n<p>Cagliari, 19 Magg 2023\u00a0\u2013 \u201cDare voce al territorio\u201d \u00e8 l\u2019obiettivo del ciclo di incontri di animazione territoriale che l\u2019Assessorato regionale del Lavoro metter\u00e0 in campo nelle prossime settimane per presentare e co-progettare le nuove politiche attive contro la disoccupazione.\u00a0Si parte dall\u2019Ogliastra. Il primo incontro, aperto alla stampa, si terr\u00e0 luned\u00ec 22 maggio alle ore 16.00, presso il Consorzio Industriale di Tortol\u00ec Arbatax, in via Paolo Arzu, Zona Industriale Baccasara, Tortol\u00ec (NU). L\u2019assessore regionale del Lavoro, Ada Lai, incontrer\u00e0 i sindaci, le imprese, le organizzazioni datoriali, sindacali e di categoria, i portatori d\u2019interesse e la comunit\u00e0 ogliastrina per condividere il prossimo programma regionale di politica attiva. Un\u2019occasione di confronto e scambio per approfondire le potenzialit\u00e0 e le criticit\u00e0 e dei territori, ascoltare le loro esigenze e co-progettare insieme i prossimi interventi per l'occupazione.<\/p>\n\n\n\n<p>\u201cIniziamo dall\u2019Ogliastra, luned\u00ec saremo a Tortol\u00ec per parlare di lavoro e informare la comunit\u00e0 sulle misure in corso - afferma l\u2019assessore Lai - e su quello che potremmo fare co-progettando insieme le politiche per l\u2019occupazione: dalla formazione professionale al sostegno alle imprese; perch\u00e9 coinvolgere i territori \u00e8 fondamentale per costruire una strategia partecipativa di sviluppo locale. Ed \u00e8 proprio quello che oggi ci chiedono le istituzioni europee per la programmazione dei fondi comunitari. Dare voce al territorio significa, infatti, capire i loro bisogni, ascoltare i loro protagonisti\u201d. Com<\/p>\n","protected":false},"excerpt":{"rendered":"<p>Cagliari, 19 Magg 2023\u00a0\u2013 \u201cDare voce al territorio\u201d \u00e8 l\u2019obiettivo del ciclo di incontri di animazione territoriale che l\u2019Assessorato regionale del Lavoro metter\u00e0 in campo&#8230;<\/p>\n","protected":false},"author":2,"featured_media":235953,"comment_status":"closed","ping_status":"open","sticky":false,"template":"","format":"standard","meta":[],"categories":[49,52],"tags":[],"_links":{"self":[{"href":"https:\/\/www.cronacaonline.it\/index.php\/wp-json\/wp\/v2\/posts\/236093"}],"collection":[{"href":"https:\/\/www.cronacaonline.it\/index.php\/wp-json\/wp\/v2\/posts"}],"about":[{"href":"https:\/\/www.cronacaonline.it\/index.php\/wp-json\/wp\/v2\/types\/post"}],"author":[{"embeddable":true,"href":"https:\/\/www.cronacaonline.it\/index.php\/wp-json\/wp\/v2\/users\/2"}],"replies":[{"embeddable":true,"href":"https:\/\/www.cronacaonline.it\/index.php\/wp-json\/wp\/v2\/comments?post=236093"}],"version-history":[{"count":1,"href":"https:\/\/www.cronacaonline.it\/index.php\/wp-json\/wp\/v2\/posts\/236093\/revisions"}],"predecessor-version":[{"id":236094,"href":"https:\/\/www.cronacaonline.it\/index.php\/wp-json\/wp\/v2\/posts\/236093\/revisions\/236094"}],"wp:featuredmedia":[{"embeddable":true,"href":"https:\/\/www.cronacaonline.it\/index.php\/wp-json\/wp\/v2\/media\/235953"}],"wp:attachment":[{"href":"https:\/\/www.cronacaonline.it\/index.php\/wp-json\/wp\/v2\/media?parent=236093"}],"wp:term":[{"taxonomy":"category","embeddable":true,"href":"https:\/\/www.cronacaonline.it\/index.php\/wp-json\/wp\/v2\/categories?post=236093"},{"taxonomy":"post_tag","embeddable":true,"href":"https:\/\/www.cronacaonline.it\/index.php\/wp-json\/wp\/v2\/tags?post=236093"}],"curies":[{"name":"wp","href":"https:\/\/api.w.org\/{rel}","templated":true}]}}