{"id":236045,"date":"2023-05-18T16:05:51","date_gmt":"2023-05-18T14:05:51","guid":{"rendered":"https:\/\/www.cronacaonline.it\/?p=236045"},"modified":"2023-05-18T16:05:54","modified_gmt":"2023-05-18T14:05:54","slug":"eurallumina-il-presidente-della-regione-sardegna-parere-favorevole-della-conferenza-dei-servizi-primo-passo-per-la-ripresa-dellattivita-industriale","status":"publish","type":"post","link":"https:\/\/www.cronacaonline.it\/index.php\/2023\/05\/18\/eurallumina-il-presidente-della-regione-sardegna-parere-favorevole-della-conferenza-dei-servizi-primo-passo-per-la-ripresa-dellattivita-industriale\/","title":{"rendered":"Eurallumina, il presidente della Regione Sardegna: \u2018parere favorevole della conferenza dei servizi, primo passo per la ripresa dell\u2019attivit\u00e0 industriale\u2019."},"content":{"rendered":"\n<p>Cagliari,\u00a018 Magg 2023\u00a0\u2013 \u201cLa Conferenza di servizi per l\u2019approvazione del Paur (Provvedimento autorizzatorio unico regionale), richiesto dalla societ\u00e0 Eurallumina, si \u00e8 conclusa positivamente. Perci\u00f2, non appena la Provincia del Sud Sardegna trasmetter\u00e0 il provvedimento con l\u2019Autorizzazione integrata ambientale, la Giunta regionale potr\u00e0 procedere con la conseguente approvazione della delibera. Questo passaggio rappresenta un passo importante affinch\u00e9 l\u2019Eurallumina possa programmare la ripresa dell\u2019attivit\u00e0 industriale, cos\u00ec da salvaguardare i posti di lavoro legati a questo progetto di riavvio\u201d. Lo ha detto il presidente della Regione Sardegna, commentando il parere favorevole che la Conferenza di servizi ha dato sul Provvedimento autorizzatorio unico regionale.<br>\"Abbiamo rispettato i tempi promessi durante la riunione del 23 marzo\u00a0- ha aggiunto l\u2019assessore regionale della Difesa dell\u2019ambiente, Marco Porcu -\u00a0Ora attendiamo il prossimo passaggio in Giunta,\u00a0consapevoli che le prossime settimane saranno decisive anche per gli altri due obiettivi indicati nella riunione\u00a0di marzo: l\u2019addendum al memorandum e l\u2019accordo con il Governo per la rivisitazione del \u2018Decreto energia\u2019 al fine di definire la questione dell\u2019approvvigionamento energetico\u201d.\u00a0Com<\/p>\n","protected":false},"excerpt":{"rendered":"<p>Cagliari,\u00a018 Magg 2023\u00a0\u2013 \u201cLa Conferenza di servizi per l\u2019approvazione del Paur (Provvedimento autorizzatorio unico regionale), richiesto dalla societ\u00e0 Eurallumina, si \u00e8 conclusa positivamente. Perci\u00f2, non&#8230;<\/p>\n","protected":false},"author":2,"featured_media":230444,"comment_status":"closed","ping_status":"open","sticky":false,"template":"","format":"standard","meta":[],"categories":[49,52],"tags":[],"_links":{"self":[{"href":"https:\/\/www.cronacaonline.it\/index.php\/wp-json\/wp\/v2\/posts\/236045"}],"collection":[{"href":"https:\/\/www.cronacaonline.it\/index.php\/wp-json\/wp\/v2\/posts"}],"about":[{"href":"https:\/\/www.cronacaonline.it\/index.php\/wp-json\/wp\/v2\/types\/post"}],"author":[{"embeddable":true,"href":"https:\/\/www.cronacaonline.it\/index.php\/wp-json\/wp\/v2\/users\/2"}],"replies":[{"embeddable":true,"href":"https:\/\/www.cronacaonline.it\/index.php\/wp-json\/wp\/v2\/comments?post=236045"}],"version-history":[{"count":1,"href":"https:\/\/www.cronacaonline.it\/index.php\/wp-json\/wp\/v2\/posts\/236045\/revisions"}],"predecessor-version":[{"id":236046,"href":"https:\/\/www.cronacaonline.it\/index.php\/wp-json\/wp\/v2\/posts\/236045\/revisions\/236046"}],"wp:featuredmedia":[{"embeddable":true,"href":"https:\/\/www.cronacaonline.it\/index.php\/wp-json\/wp\/v2\/media\/230444"}],"wp:attachment":[{"href":"https:\/\/www.cronacaonline.it\/index.php\/wp-json\/wp\/v2\/media?parent=236045"}],"wp:term":[{"taxonomy":"category","embeddable":true,"href":"https:\/\/www.cronacaonline.it\/index.php\/wp-json\/wp\/v2\/categories?post=236045"},{"taxonomy":"post_tag","embeddable":true,"href":"https:\/\/www.cronacaonline.it\/index.php\/wp-json\/wp\/v2\/tags?post=236045"}],"curies":[{"name":"wp","href":"https:\/\/api.w.org\/{rel}","templated":true}]}}