{"id":236033,"date":"2023-05-18T11:40:45","date_gmt":"2023-05-18T09:40:45","guid":{"rendered":"https:\/\/www.cronacaonline.it\/?p=236033"},"modified":"2023-05-18T11:40:48","modified_gmt":"2023-05-18T09:40:48","slug":"confartigianato-sardegna-esprime-solidarieta-alla-popolazione-per-lalluvione-dellemilia-romagna","status":"publish","type":"post","link":"https:\/\/www.cronacaonline.it\/index.php\/2023\/05\/18\/confartigianato-sardegna-esprime-solidarieta-alla-popolazione-per-lalluvione-dellemilia-romagna\/","title":{"rendered":"Confartigianato Sardegna esprime solidariet\u00e0 alla popolazione per l\u2019alluvione dell\u2019Emilia Romagna."},"content":{"rendered":"\n<p>Cagliari, 18 Magg 2023 - Confartigianato Imprese Sardegna esprime solidariet\u00e0 alle popolazioni e alle attivit\u00e0 produttive dei territori dell\u2019Emilia Romagna colpite dall\u2019alluvione e plaudono gli interventi tempestivi dei volontari, della Protezione Civile, delle Forze dell\u2019Ordine e di tutti coloro che si stanno prodigando per affrontare la difficile situazione.<\/p>\n\n\n\n<p>\u201cSiamo fraternamente vicini&nbsp;ai cittadini e agli imprenditori cos\u00ec duramente colpiti dall\u2019alluvione&nbsp;che si \u00e8 abbattuta sull\u2019Emilia Romagna \u2013 affermano Maria Amelia Lai e Daniele Serra, Presidente e Segretario di Confartigianato Sardegna a nome di tutti gli artigiani e imprenditori sardi \u2013 ancora una volta ci troviamo a piangere morti e a contare i danni a territori, abitazioni e imprese travolti dagli eventi naturali ma anche da situazioni che l\u2019uomo ha creato nei decenni passati\u201d.<\/p>\n\n\n\n<p>\u201cIn attesa di una reale quantificazione dei danni alle strutture pubbliche, alle abitazioni e alle imprese di quel territorio \u2013 proseguono Lai e Serra - la nostra Associazione fin da ora sar\u00e0 al fianco delle sorelle e dei fratelli emiliano-romagnoli per supportarli fattivamente nel ripristino dei territori e per il riavvio delle attivit\u00e0 imprenditoriali, mettendosi a disposizione, nel pi\u00f9 breve tempo possibile, per pianificare la ricostruzione e consentire la ripresa della vita e delle consuete attivit\u00e0<\/p>\n\n\n\n<p>Per Confartigianato Sardegna, dopo le tragedie in termini di vite umane, e dopo i disastri che negli ultimi decenni hanno colpito l\u2019Italia, nelle sue infrastrutture e nei suoi edifici, ogni volta torna d\u2019attualit\u00e0 il tema della lotta contro il dissesto idrogeologico. Per l\u2019Associazione \u00e8 urgente e indifferibile accelerare con la manutenzione delle aree soggette a frane e alluvioni, e quindi a elevato rischio frana e\/o media pericolosit\u00e0 idraulica. Quindi \u00e8 sempre pi\u00f9 urgente realizzare e gestire la manutenzione delle opere pubbliche necessarie per difendere famiglie, imprese e patrimonio culturale da frane e alluvioni\u201d.<\/p>\n\n\n\n<p>\u201cPurtroppo, per\u00f2, s\u2019investe sempre meno in prevenzione, messa in sicurezza e ripristino \u2013 concludono Lai e Serra - nel corso degli ultimi anni, infatti, l\u2019economia italiana ha registrato una caduta degli stanziamenti pubblici, situazione che rende il territorio pi\u00f9 vulnerabile alle conseguenze dei cambiamenti climatici come ogni volta, purtroppo, viene evidenziato dopo gli effetti disastrosi delle ondate di maltempo\u201d. Com<\/p>\n","protected":false},"excerpt":{"rendered":"<p>Cagliari, 18 Magg 2023 &#8211; Confartigianato Imprese Sardegna esprime solidariet\u00e0 alle popolazioni e alle attivit\u00e0 produttive dei territori dell\u2019Emilia Romagna colpite dall\u2019alluvione e plaudono gli&#8230;<\/p>\n","protected":false},"author":2,"featured_media":235875,"comment_status":"closed","ping_status":"open","sticky":false,"template":"","format":"standard","meta":[],"categories":[49,52],"tags":[],"_links":{"self":[{"href":"https:\/\/www.cronacaonline.it\/index.php\/wp-json\/wp\/v2\/posts\/236033"}],"collection":[{"href":"https:\/\/www.cronacaonline.it\/index.php\/wp-json\/wp\/v2\/posts"}],"about":[{"href":"https:\/\/www.cronacaonline.it\/index.php\/wp-json\/wp\/v2\/types\/post"}],"author":[{"embeddable":true,"href":"https:\/\/www.cronacaonline.it\/index.php\/wp-json\/wp\/v2\/users\/2"}],"replies":[{"embeddable":true,"href":"https:\/\/www.cronacaonline.it\/index.php\/wp-json\/wp\/v2\/comments?post=236033"}],"version-history":[{"count":1,"href":"https:\/\/www.cronacaonline.it\/index.php\/wp-json\/wp\/v2\/posts\/236033\/revisions"}],"predecessor-version":[{"id":236034,"href":"https:\/\/www.cronacaonline.it\/index.php\/wp-json\/wp\/v2\/posts\/236033\/revisions\/236034"}],"wp:featuredmedia":[{"embeddable":true,"href":"https:\/\/www.cronacaonline.it\/index.php\/wp-json\/wp\/v2\/media\/235875"}],"wp:attachment":[{"href":"https:\/\/www.cronacaonline.it\/index.php\/wp-json\/wp\/v2\/media?parent=236033"}],"wp:term":[{"taxonomy":"category","embeddable":true,"href":"https:\/\/www.cronacaonline.it\/index.php\/wp-json\/wp\/v2\/categories?post=236033"},{"taxonomy":"post_tag","embeddable":true,"href":"https:\/\/www.cronacaonline.it\/index.php\/wp-json\/wp\/v2\/tags?post=236033"}],"curies":[{"name":"wp","href":"https:\/\/api.w.org\/{rel}","templated":true}]}}