{"id":236005,"date":"2023-05-17T17:38:41","date_gmt":"2023-05-17T15:38:41","guid":{"rendered":"https:\/\/www.cronacaonline.it\/?p=236005"},"modified":"2023-05-17T17:38:44","modified_gmt":"2023-05-17T15:38:44","slug":"consiglio-sardegna-incontro-dei-capigruppo-con-i-lavoratori-enel-di-portovesme","status":"publish","type":"post","link":"https:\/\/www.cronacaonline.it\/index.php\/2023\/05\/17\/consiglio-sardegna-incontro-dei-capigruppo-con-i-lavoratori-enel-di-portovesme\/","title":{"rendered":"Consiglio Sardegna &#8211; Incontro dei capigruppo con i lavoratori Enel di Portovesme."},"content":{"rendered":"\n<p>Cagliari, 17 Magg 2023 \u2013 I capigruppo del Consiglio regionale hanno incontrato una delegazione sindacale dei lavoratori della centrale Enel di Portovesme, in una riunione presieduta dal vice presidente dell\u2019Assemblea Giovanni Antonio Satta alla quale ha partecipato l\u2019assessore del Lavoro Ada Lai (l\u2019assessore dell\u2019Industria Anita Pili era impegnata a Roma in un vertice sulla Portovesme Srl).<\/p>\n\n\n\n<p>Il rappresentante della Fiom-Cgil Roberto Correddu, nel suo intervento, ha richiamato l\u2019attenzione dei capigruppo sui temi del confronto in corso a livello nazionale sulla \u201ctransizione energetica\u201d che accompagner\u00e0 anche in Sardegna, con investimenti molto consistenti (nell\u2019ordine di 4-500 milioni di euro) la dismissione delle fonti fossili e la loro graduale sostituzione con le rinnovabili.<\/p>\n\n\n\n<p>Questi processi, ha aggiunto, richiedono per\u00f2 una grande capacit\u00e0 di programmazione perch\u00e9, nel caso della centrale Enel di Portovesme, le previsioni parlano di una decina di addetti per gestire la distribuzione dell\u2019energia stoccata negli accumulatori e prodotta dalle rinnovabili, al posto dell\u2019attuale forza-lavoro di 450 unit\u00e0. Se non vogliamo subire la pressione dell\u2019emergenza che potrebbe verificarsi nel 2025, ha concluso, dobbiamo muoverci per tempo e lavorare ad una dimensione \u201csociale\u201d della transizione che deve necessariamente prevedere nuove iniziative industriali per la ricollocazione dei lavoratori, ed \u00e8 proprio su questo punto che occorre accelerare.<\/p>\n\n\n\n<p>I rappresentanti dei gruppi hanno assicurato la massima attenzione alle tematiche collegate alla transizione (hanno parlato Michele Ennas della Lega, Francesco Agus dei Progressisti, Alessandro Solinas del M5S, Daniele Cocco di Alleanza Europa Verde e Carla Cuccu di Idea Sardegna) sottolineando che la Regione ha il dovere di governare i processi di trasformazione del tessuto industriale ed energetico della Sardegna, senza che questa fase complessa determini nuove crisi economiche ed occupazionali.<\/p>\n\n\n\n<p>L\u2019assessore del Lavoro Ada Lai ha affermato che \u00e8 precisa volont\u00e0 del governo regionale \u201cfare i conti con il futuro\u201d con una programmazione efficiente che, fra l\u2019altro, garantisca l\u2019impatto positivo delle politiche attive del lavoro sulle persone.<\/p>\n\n\n\n<p>Il vice presidente del Consiglio Giovanni Antonio Satta, nelle conclusioni, ha assunto l\u2019impegno di favorire in tempi brevi un confronto sui temi sollevati nelle commissioni di merito, a cominciare da quella delle Attivit\u00e0 produttive. Com<\/p>\n","protected":false},"excerpt":{"rendered":"<p>Cagliari, 17 Magg 2023 \u2013 I capigruppo del Consiglio regionale hanno incontrato una delegazione sindacale dei lavoratori della centrale Enel di Portovesme, in una riunione&#8230;<\/p>\n","protected":false},"author":2,"featured_media":192512,"comment_status":"closed","ping_status":"open","sticky":false,"template":"","format":"standard","meta":[],"categories":[49,52],"tags":[],"_links":{"self":[{"href":"https:\/\/www.cronacaonline.it\/index.php\/wp-json\/wp\/v2\/posts\/236005"}],"collection":[{"href":"https:\/\/www.cronacaonline.it\/index.php\/wp-json\/wp\/v2\/posts"}],"about":[{"href":"https:\/\/www.cronacaonline.it\/index.php\/wp-json\/wp\/v2\/types\/post"}],"author":[{"embeddable":true,"href":"https:\/\/www.cronacaonline.it\/index.php\/wp-json\/wp\/v2\/users\/2"}],"replies":[{"embeddable":true,"href":"https:\/\/www.cronacaonline.it\/index.php\/wp-json\/wp\/v2\/comments?post=236005"}],"version-history":[{"count":1,"href":"https:\/\/www.cronacaonline.it\/index.php\/wp-json\/wp\/v2\/posts\/236005\/revisions"}],"predecessor-version":[{"id":236006,"href":"https:\/\/www.cronacaonline.it\/index.php\/wp-json\/wp\/v2\/posts\/236005\/revisions\/236006"}],"wp:featuredmedia":[{"embeddable":true,"href":"https:\/\/www.cronacaonline.it\/index.php\/wp-json\/wp\/v2\/media\/192512"}],"wp:attachment":[{"href":"https:\/\/www.cronacaonline.it\/index.php\/wp-json\/wp\/v2\/media?parent=236005"}],"wp:term":[{"taxonomy":"category","embeddable":true,"href":"https:\/\/www.cronacaonline.it\/index.php\/wp-json\/wp\/v2\/categories?post=236005"},{"taxonomy":"post_tag","embeddable":true,"href":"https:\/\/www.cronacaonline.it\/index.php\/wp-json\/wp\/v2\/tags?post=236005"}],"curies":[{"name":"wp","href":"https:\/\/api.w.org\/{rel}","templated":true}]}}