{"id":236002,"date":"2023-05-17T17:35:52","date_gmt":"2023-05-17T15:35:52","guid":{"rendered":"https:\/\/www.cronacaonline.it\/?p=236002"},"modified":"2023-05-17T17:35:55","modified_gmt":"2023-05-17T15:35:55","slug":"forum-pa-lassessore-pili-utile-momento-di-confronto-per-testimoniare-il-lavoro-svolto-dalla-regione-nella-transizione-energetica","status":"publish","type":"post","link":"https:\/\/www.cronacaonline.it\/index.php\/2023\/05\/17\/forum-pa-lassessore-pili-utile-momento-di-confronto-per-testimoniare-il-lavoro-svolto-dalla-regione-nella-transizione-energetica\/","title":{"rendered":"Forum Pa, l\u2019assessore Pili: \u201cutile momento di confronto per testimoniare il lavoro svolto dalla regione nella transizione energetica\u201d."},"content":{"rendered":"\n<p>Cagliari, 17 Magg 2023\u00a0- L\u2019assessore dell\u2019Industria, Anita Pili, ha preso parte questa mattina al Forum PA 2023, in corso dal 16 al 18 maggio al Palazzo dei Congressi nella capitale. \u201cUn\u2019occasione importante \u2013 afferma l\u2019assessore Pili \u2013 in cui ho potuto testimoniare il lavoro svolto dalla Regione Sardegna, nell\u2019ambito del coordinamento della Commissione Energia della Conferenza delle Regioni, a beneficio del sistema delle autonomie locali, in particolare sull\u2019utilizzo dei fondi del PNRR a valere sulle misure destinate all\u2019idrogeno e alle comunit\u00e0 energetiche\u201d.\u00a0<\/p>\n\n\n\n<p>L\u2019appuntamento dedicato al confronto tra protagonisti pubblici e privati delle politiche energetiche nazionali, \u00e8 stato l\u2019occasione per fare il punto sull\u2019attuazione delle misure PNRR in tema di rivoluzione verde e transizione ecologica.&nbsp;<\/p>\n\n\n\n<p>\u201cNel corso del dibattito \u2013 afferma l\u2019assessore Pili \u2013 ho illustrato il contributo della Regione Sardegna nell\u2019implementazione delle politiche energetiche nazionali volte a raggiungere gli obiettivi europei di decarbonizzazione e di produzione di energia da fonti rinnovabili. \u00c8 stato un momento utile a mettere nuovamente in luce, insieme al Ministro Pichetto Fratin, il lavoro che la Regione sta svolgendo con il Ministero per sbloccare l\u2019attuazione del decreto energia in maniera efficace rispetto alle esigenze territoriali locali e in tempi utili alla nostra industria\u201d.&nbsp;<\/p>\n\n\n\n<p>Durante il forum sono stati trattati i temi relativi alla sicurezza energetica e al risk management, al valore dell\u2019energia, all\u2019efficienza, ai consumi, ai comportamenti. Si \u00e8 discusso del ruolo delle istituzioni, della sostenibilit\u00e0 e degli obiettivi di decarbonizzazione, anche con specifico riferimento alle misure del Pnrr per la creazione delle condizioni per una integrazione tra i principi dell\u2019efficienza energetica e del superamento del carbone con quelli del ripensamento di servizi, dell\u2019avvio di nuove infrastrutture, del recupero e rinnovamento di impianti ed edifici, e quale opportunit\u00e0 per integrare la sostenibilit\u00e0 nei processi e nei servizi. Relativamente al mutato scenario causato dal conflitto tra Russia e Ucraina, si \u00e8 anche parlato del delicato equilibrio tra indipendenza energetica e sostenibilit\u00e0 di lungo periodo per distinguere tra quelle che sono le necessit\u00e0 immediate da coordinare con una strategia di ampio raggio, che sia coerente con il percorso di transizione energetica e di trasformazione sostenibile.&nbsp;<\/p>\n\n\n\n<p>\u201cNel corso del Forum \u2013 conclude l\u2019assessore dell\u2019Industria \u2013 ho anche avuto la possibilit\u00e0 di confrontarmi con il ministro Urso sulle questioni industriali aperte, sulle quali l\u2019attenzione della Regione rimane costante\u201d.<\/p>\n\n\n\n<p>L\u2019assessore Pili ha anche espresso la propria solidariet\u00e0 nei confronti della collega Irene Priolo, assessore dell\u2019Ambiente dell\u2019Emilia Romagna che a causa dell\u2019emergenza climatica in corso non era presente al dibattito, e portato la vicinanza della Sardegna alla Regione e alle popolazioni colpite dai nubifragi. Com<\/p>\n","protected":false},"excerpt":{"rendered":"<p>Cagliari, 17 Magg 2023\u00a0&#8211; L\u2019assessore dell\u2019Industria, Anita Pili, ha preso parte questa mattina al Forum PA 2023, in corso dal 16 al 18 maggio al&#8230;<\/p>\n","protected":false},"author":2,"featured_media":236003,"comment_status":"closed","ping_status":"open","sticky":false,"template":"","format":"standard","meta":[],"categories":[49,52],"tags":[],"_links":{"self":[{"href":"https:\/\/www.cronacaonline.it\/index.php\/wp-json\/wp\/v2\/posts\/236002"}],"collection":[{"href":"https:\/\/www.cronacaonline.it\/index.php\/wp-json\/wp\/v2\/posts"}],"about":[{"href":"https:\/\/www.cronacaonline.it\/index.php\/wp-json\/wp\/v2\/types\/post"}],"author":[{"embeddable":true,"href":"https:\/\/www.cronacaonline.it\/index.php\/wp-json\/wp\/v2\/users\/2"}],"replies":[{"embeddable":true,"href":"https:\/\/www.cronacaonline.it\/index.php\/wp-json\/wp\/v2\/comments?post=236002"}],"version-history":[{"count":1,"href":"https:\/\/www.cronacaonline.it\/index.php\/wp-json\/wp\/v2\/posts\/236002\/revisions"}],"predecessor-version":[{"id":236004,"href":"https:\/\/www.cronacaonline.it\/index.php\/wp-json\/wp\/v2\/posts\/236002\/revisions\/236004"}],"wp:featuredmedia":[{"embeddable":true,"href":"https:\/\/www.cronacaonline.it\/index.php\/wp-json\/wp\/v2\/media\/236003"}],"wp:attachment":[{"href":"https:\/\/www.cronacaonline.it\/index.php\/wp-json\/wp\/v2\/media?parent=236002"}],"wp:term":[{"taxonomy":"category","embeddable":true,"href":"https:\/\/www.cronacaonline.it\/index.php\/wp-json\/wp\/v2\/categories?post=236002"},{"taxonomy":"post_tag","embeddable":true,"href":"https:\/\/www.cronacaonline.it\/index.php\/wp-json\/wp\/v2\/tags?post=236002"}],"curies":[{"name":"wp","href":"https:\/\/api.w.org\/{rel}","templated":true}]}}