{"id":235996,"date":"2023-05-17T17:14:15","date_gmt":"2023-05-17T15:14:15","guid":{"rendered":"https:\/\/www.cronacaonline.it\/?p=235996"},"modified":"2023-05-17T17:14:18","modified_gmt":"2023-05-17T15:14:18","slug":"festival-dello-sviluppo-sostenibile-a-milano-assessore-porcu-la-strategia-regionale-definisce-una-cornice-di-riferimento-per-le-scelte-da-attuare-in-sardegna","status":"publish","type":"post","link":"https:\/\/www.cronacaonline.it\/index.php\/2023\/05\/17\/festival-dello-sviluppo-sostenibile-a-milano-assessore-porcu-la-strategia-regionale-definisce-una-cornice-di-riferimento-per-le-scelte-da-attuare-in-sardegna\/","title":{"rendered":"Festival dello sviluppo sostenibile a Milano, assessore Porcu: \u2018la strategia regionale definisce una cornice di riferimento per le scelte da attuare in Sardegna\u2019."},"content":{"rendered":"\n<p>Cagliari, 17 Magg 2023\u00a0\u2013 \u201cLa Strategia regionale per lo Sviluppo sostenibile definisce una cornice di riferimento per le scelte della Regione, fornendo un costante orientamento affinch\u00e9 i piani e programmi settoriali dei diversi Assessorati rimangano coerenti e convergenti. La coerenza delle politiche \u00e8 la principale modalit\u00e0 per dare concretezza e attuare la Strategia nazionale di sviluppo sostenibile in tutto il territorio regionale\u201d. Lo ha detto l\u2019assessore regionale della Difesa dell\u2019ambiente, Marco Porcu, in occasione del convegno \u201cMettere a terra la Strategia nazionale per lo sviluppo sostenibile\u201d, che si \u00e8 tenuto questa mattina a Milano nell\u2019ambito del \u201cFestival dello Sviluppo sostenibile\u201d, promosso dall\u2019Asvis (Alleanza Italiana per lo Sviluppo sostenibile).<\/p>\n\n\n\n<p>\u201cLa transizione ecologica comporta molti sacrifici e ha bisogno della coerenza strategica e della convergenza di azioni dal livello locale a quello nazionale e internazionale \u2013 ha aggiunto l\u2019assessore Porcu \u2013 L\u2019adozione della Strategia nazionale rafforza l\u2019azione regionale e consente di sbloccare una serie di iniziative di supporto, anche finanziarie, per i nostri territori. La localizzazione delle Strategie regionali di sviluppo sostenibile \u00e8 un processo molto lungo. In Sardegna \u00e8 iniziato nel 2019, creando un collegamento con il livello comunale, oltre che tra il livello pubblico e la societ\u00e0 civile. Dopo due anni di processo partecipativo, la Strategia \u00e8 stata adottata nell\u2019ottobre 2021\u201d.<\/p>\n\n\n\n<p>\u201cAbbiamo fatto un grosso investimento in alcune iniziative di rafforzamento delle competenze, rivolte sia a funzionari e amministratori degli enti Locali che alle imprese. Inoltre, stiamo puntando su iniziative di gestione dei beni comuni col coinvolgimento delle comunit\u00e0 a livello locale, attivando i Comuni e la rete regionale Infeas, che conta oltre sessanta Ceas (Centri di educazione all\u2019ambiente e alla sostenibilit\u00e0). Altre azioni di responsabilizzazione della cittadinanza sono state realizzate con l\u2019iniziativa \u2018Ceas Aperti\u2019, un mese di attivit\u00e0 di sensibilizzazione e di percorsi esperienziali rivolti agli studenti, alle loro famiglie e ai cittadini, e con le iniziative informative su clima, incendi e plastiche, attuate con iniziative dimostrative a livello territoriale\u201d, ha concluso l\u2019Assessore dell\u2019Ambiente. Com<\/p>\n","protected":false},"excerpt":{"rendered":"<p>Cagliari, 17 Magg 2023\u00a0\u2013 \u201cLa Strategia regionale per lo Sviluppo sostenibile definisce una cornice di riferimento per le scelte della Regione, fornendo un costante orientamento&#8230;<\/p>\n","protected":false},"author":2,"featured_media":230444,"comment_status":"closed","ping_status":"open","sticky":false,"template":"","format":"standard","meta":[],"categories":[49,52],"tags":[],"_links":{"self":[{"href":"https:\/\/www.cronacaonline.it\/index.php\/wp-json\/wp\/v2\/posts\/235996"}],"collection":[{"href":"https:\/\/www.cronacaonline.it\/index.php\/wp-json\/wp\/v2\/posts"}],"about":[{"href":"https:\/\/www.cronacaonline.it\/index.php\/wp-json\/wp\/v2\/types\/post"}],"author":[{"embeddable":true,"href":"https:\/\/www.cronacaonline.it\/index.php\/wp-json\/wp\/v2\/users\/2"}],"replies":[{"embeddable":true,"href":"https:\/\/www.cronacaonline.it\/index.php\/wp-json\/wp\/v2\/comments?post=235996"}],"version-history":[{"count":1,"href":"https:\/\/www.cronacaonline.it\/index.php\/wp-json\/wp\/v2\/posts\/235996\/revisions"}],"predecessor-version":[{"id":235997,"href":"https:\/\/www.cronacaonline.it\/index.php\/wp-json\/wp\/v2\/posts\/235996\/revisions\/235997"}],"wp:featuredmedia":[{"embeddable":true,"href":"https:\/\/www.cronacaonline.it\/index.php\/wp-json\/wp\/v2\/media\/230444"}],"wp:attachment":[{"href":"https:\/\/www.cronacaonline.it\/index.php\/wp-json\/wp\/v2\/media?parent=235996"}],"wp:term":[{"taxonomy":"category","embeddable":true,"href":"https:\/\/www.cronacaonline.it\/index.php\/wp-json\/wp\/v2\/categories?post=235996"},{"taxonomy":"post_tag","embeddable":true,"href":"https:\/\/www.cronacaonline.it\/index.php\/wp-json\/wp\/v2\/tags?post=235996"}],"curies":[{"name":"wp","href":"https:\/\/api.w.org\/{rel}","templated":true}]}}