{"id":235978,"date":"2023-05-17T11:05:06","date_gmt":"2023-05-17T09:05:06","guid":{"rendered":"https:\/\/www.cronacaonline.it\/?p=235978"},"modified":"2023-05-17T11:05:08","modified_gmt":"2023-05-17T09:05:08","slug":"lappello-del-consigliere-regionale-roberto-deriu-il-pd-dia-il-buon-esempio-per-una-svolta-democratica","status":"publish","type":"post","link":"https:\/\/www.cronacaonline.it\/index.php\/2023\/05\/17\/lappello-del-consigliere-regionale-roberto-deriu-il-pd-dia-il-buon-esempio-per-una-svolta-democratica\/","title":{"rendered":"L\u2019appello del consigliere regionale Roberto Deriu: \u201cIl PD dia il buon esempio per una svolta democratica\u201d."},"content":{"rendered":"\n<p>Cagliari, 17 Magg 2023 - \u201cEliminare le liste bloccate e ripristinare le preferenze alle primarie rappresenterebbe un segnale forte dell'importanza che il PD attribuisce alla democrazia, al pluralismo, alla trasparenza\". Lo scrive in una nota Roberto Deriu, componente dell\u2019Assemblea nazionale del Partito Democratico, che proprio in queste ore ha lanciato la petizione \"Riportiamo le preferenze alle primarie del Partito Democratico. #BastaListeBloccate\".<\/p>\n\n\n\n<p>\u201cHo lanciato questa petizione perch\u00e9 sono convinto che per essere veramente credibile sul tema delle riforme istituzionali, e in particolare sulla legge elettorale \u2013 continua il consigliere regionale del Partito Democratico \u2013, il PD deve essere il faro di questo cambiamento attraverso l\u2019eliminazione delle liste bloccate nelle elezioni interne dei nostri organi, soprattutto all\u2019Assemblea nazionale, e attraverso il ripristino delle preferenze\u201d.<\/p>\n\n\n\n<p>Un passaggio fondamentale, secondo l\u2019esponente dem, per restituire al popolo la scelta di eleggere i propri rappresentanti: \u201cLa nostra Assemblea nazionale \u00e8 eletta da tutti i cittadini con le primarie aperte, \u00e8 pertanto doveroso dare la possibilit\u00e0 a tutti coloro che partecipano di scegliere il loro rappresentante. Le preferenze offrono un meccanismo che d\u00e0 voce a tutte le correnti di pensiero presenti all'interno del partito, promuovendo l'inclusione e garantendo una rappresentativit\u00e0 pi\u00f9 equa. Come componente dell\u2019Assemblea nazionale presenter\u00f2 una proposta su questo tema\u201d.<\/p>\n\n\n\n<p>\u201cSostenere la reintroduzione delle preferenze significa sostenere un sistema politico pi\u00f9 aperto, inclusivo e responsabile. \u00c8 un passo verso una democrazia in cui ogni voce conta e ogni membro ha la possibilit\u00e0 di contribuire al futuro del proprio partito e del Paese\u201d.<\/p>\n\n\n\n<p>\u201cDiamo il buon esempio con una vera svolta democratica \u2013 conclude Roberto Deriu \u2013, altrimenti non saremo credibili\u201d. Com<\/p>\n","protected":false},"excerpt":{"rendered":"<p>Cagliari, 17 Magg 2023 &#8211; \u201cEliminare le liste bloccate e ripristinare le preferenze alle primarie rappresenterebbe un segnale forte dell&#8217;importanza che il PD attribuisce alla&#8230;<\/p>\n","protected":false},"author":2,"featured_media":227336,"comment_status":"closed","ping_status":"open","sticky":false,"template":"","format":"standard","meta":[],"categories":[49,52],"tags":[],"_links":{"self":[{"href":"https:\/\/www.cronacaonline.it\/index.php\/wp-json\/wp\/v2\/posts\/235978"}],"collection":[{"href":"https:\/\/www.cronacaonline.it\/index.php\/wp-json\/wp\/v2\/posts"}],"about":[{"href":"https:\/\/www.cronacaonline.it\/index.php\/wp-json\/wp\/v2\/types\/post"}],"author":[{"embeddable":true,"href":"https:\/\/www.cronacaonline.it\/index.php\/wp-json\/wp\/v2\/users\/2"}],"replies":[{"embeddable":true,"href":"https:\/\/www.cronacaonline.it\/index.php\/wp-json\/wp\/v2\/comments?post=235978"}],"version-history":[{"count":1,"href":"https:\/\/www.cronacaonline.it\/index.php\/wp-json\/wp\/v2\/posts\/235978\/revisions"}],"predecessor-version":[{"id":235979,"href":"https:\/\/www.cronacaonline.it\/index.php\/wp-json\/wp\/v2\/posts\/235978\/revisions\/235979"}],"wp:featuredmedia":[{"embeddable":true,"href":"https:\/\/www.cronacaonline.it\/index.php\/wp-json\/wp\/v2\/media\/227336"}],"wp:attachment":[{"href":"https:\/\/www.cronacaonline.it\/index.php\/wp-json\/wp\/v2\/media?parent=235978"}],"wp:term":[{"taxonomy":"category","embeddable":true,"href":"https:\/\/www.cronacaonline.it\/index.php\/wp-json\/wp\/v2\/categories?post=235978"},{"taxonomy":"post_tag","embeddable":true,"href":"https:\/\/www.cronacaonline.it\/index.php\/wp-json\/wp\/v2\/tags?post=235978"}],"curies":[{"name":"wp","href":"https:\/\/api.w.org\/{rel}","templated":true}]}}