{"id":235972,"date":"2023-05-17T10:41:39","date_gmt":"2023-05-17T08:41:39","guid":{"rendered":"https:\/\/www.cronacaonline.it\/?p=235972"},"modified":"2023-05-17T10:41:42","modified_gmt":"2023-05-17T08:41:42","slug":"pd-deriu-lancia-petizione-riportiamo-le-preferenze-alle-primarie-bastalistebloccate","status":"publish","type":"post","link":"https:\/\/www.cronacaonline.it\/index.php\/2023\/05\/17\/pd-deriu-lancia-petizione-riportiamo-le-preferenze-alle-primarie-bastalistebloccate\/","title":{"rendered":"PD, Deriu lancia petizione \u201cRiportiamo le preferenze alle primarie, #BastaListeBloccate\u201d"},"content":{"rendered":"\n<p>Cagliari, 17 Magg 2023 - Una voce di cambiamento si sta facendo sentire all'interno del Partito Democratico. Infatti, Roberto Deriu, componente dell'Assemblea nazionale del partito, ha lanciato in queste ore una petizione a sostegno della reintroduzione delle preferenze alle primarie. Un'iniziativa che mira a promuovere una maggiore democrazia interna, garantendo a tutti la possibilit\u00e0 di esprimere le proprie preferenze e di partecipare attivamente al processo decisionale del partito.<\/p>\n\n\n\n<p>La petizione, intitolata \"Riportiamo le preferenze alle primarie del Partito Democratico. #BastaListeBloccate\", invita tutti i dirigenti, iscritti, sostenitori e simpatizzanti del PD a unirsi per sostenere questa importante iniziativa. Deriu, in quanto membro dell'Assemblea nazionale, ha sottolineato l'importanza di un vero impegno per le riforme istituzionali, in particolare sulla legge elettorale, e ha evidenziato come l'eliminazione delle liste bloccate sia essenziale per promuovere la democrazia, non soltanto all'interno del partito ma anche in ottica elezioni politiche.<\/p>\n\n\n\n<p>La proposta di Deriu arriva in un momento cruciale per il Partito Democratico e per la politica italiana in generale. Mentre si discute di riforme istituzionali e di legge elettorale, il \"nuovo\" PD guidato dalla segretaria Elly Schlein ha l'opportunit\u00e0 di dimostrare il suo impegno verso una democrazia pi\u00f9 aperta e partecipativa. L'eliminazione delle liste bloccate nelle elezioni interne del partito e il ripristino delle preferenze rappresenterebbero un passo cruciale verso questo obiettivo.<\/p>\n\n\n\n<p>Le preferenze alle primarie consentono infatti a tutti i partecipanti di indicare l'ordine di preferenza dei candidati in corsa per le elezioni primarie. Questo sistema restituisce al popolo la scelta di eleggere i propri rappresentanti, oltre a riflettere la diversit\u00e0 ideologica, l\u2019inclusione e la rappresentativit\u00e0 all'interno del partito, assicurando che le scelte siano il risultato di un ampio consenso e tengano conto della volont\u00e0 dei cittadini.<\/p>\n\n\n\n<p>La reintroduzione delle preferenze alle primarie rappresenterebbe dunque un segnale forte dell'importanza che il PD attribuisce alla democrazia, al pluralismo, alla trasparenza.<\/p>\n\n\n\n<p>La petizione lanciata da Deriu sta raccogliendo consensi in tutto il partito. La speranza \u00e8 che questa proposta spinga il PD ad essere l\u2019esempio di una svolta democratica all\u2019interno di un processo di riforma pi\u00f9 ampio. Perch\u00e9 in una democrazia sana e inclusiva, il diritto di voto e la possibilit\u00e0 di scegliere i propri rappresentanti sono \u2013 e devono essere \u2013 pilastri fondamentali. Com<\/p>\n","protected":false},"excerpt":{"rendered":"<p>Cagliari, 17 Magg 2023 &#8211; Una voce di cambiamento si sta facendo sentire all&#8217;interno del Partito Democratico. Infatti, Roberto Deriu, componente dell&#8217;Assemblea nazionale del partito,&#8230;<\/p>\n","protected":false},"author":2,"featured_media":235973,"comment_status":"closed","ping_status":"open","sticky":false,"template":"","format":"standard","meta":[],"categories":[49,52],"tags":[],"_links":{"self":[{"href":"https:\/\/www.cronacaonline.it\/index.php\/wp-json\/wp\/v2\/posts\/235972"}],"collection":[{"href":"https:\/\/www.cronacaonline.it\/index.php\/wp-json\/wp\/v2\/posts"}],"about":[{"href":"https:\/\/www.cronacaonline.it\/index.php\/wp-json\/wp\/v2\/types\/post"}],"author":[{"embeddable":true,"href":"https:\/\/www.cronacaonline.it\/index.php\/wp-json\/wp\/v2\/users\/2"}],"replies":[{"embeddable":true,"href":"https:\/\/www.cronacaonline.it\/index.php\/wp-json\/wp\/v2\/comments?post=235972"}],"version-history":[{"count":1,"href":"https:\/\/www.cronacaonline.it\/index.php\/wp-json\/wp\/v2\/posts\/235972\/revisions"}],"predecessor-version":[{"id":235974,"href":"https:\/\/www.cronacaonline.it\/index.php\/wp-json\/wp\/v2\/posts\/235972\/revisions\/235974"}],"wp:featuredmedia":[{"embeddable":true,"href":"https:\/\/www.cronacaonline.it\/index.php\/wp-json\/wp\/v2\/media\/235973"}],"wp:attachment":[{"href":"https:\/\/www.cronacaonline.it\/index.php\/wp-json\/wp\/v2\/media?parent=235972"}],"wp:term":[{"taxonomy":"category","embeddable":true,"href":"https:\/\/www.cronacaonline.it\/index.php\/wp-json\/wp\/v2\/categories?post=235972"},{"taxonomy":"post_tag","embeddable":true,"href":"https:\/\/www.cronacaonline.it\/index.php\/wp-json\/wp\/v2\/tags?post=235972"}],"curies":[{"name":"wp","href":"https:\/\/api.w.org\/{rel}","templated":true}]}}