{"id":235959,"date":"2023-05-16T16:37:52","date_gmt":"2023-05-16T14:37:52","guid":{"rendered":"https:\/\/www.cronacaonline.it\/?p=235959"},"modified":"2023-05-16T16:37:55","modified_gmt":"2023-05-16T14:37:55","slug":"cavallette-domani-alle-10-videoconferenza-con-laore-e-fao-lassessore-satta-cooperazione-globale-per-affrontare-una-sfida-comune","status":"publish","type":"post","link":"https:\/\/www.cronacaonline.it\/index.php\/2023\/05\/16\/cavallette-domani-alle-10-videoconferenza-con-laore-e-fao-lassessore-satta-cooperazione-globale-per-affrontare-una-sfida-comune\/","title":{"rendered":"Cavallette, domani alle 10 videoconferenza con Laore e Fao. L\u2019assessore Satta: \u201ccooperazione globale per affrontare una sfida comune\u201d."},"content":{"rendered":"\n<p>Cagliari, 16 Magg 2023\u00a0\u2013 Domani mattina alle 10, dall\u2019assessorato dell\u2019Agricoltura di Via Pessagno, si terr\u00e0 un'importante videoconferenza tra l'Assessore dell'Agricoltura, Valeria Satta, il Commissario di Laore, Gerolamo Solina, e i referenti della Fao collegati da Roma. Il tavolo sar\u00e0 finalizzato ad un confronto e ancora di pi\u00f9 ad una cooperazione fattiva con l\u2019organismo internazionale.<\/p>\n\n\n\n<p>\u201cLa Regione Sardegna \u2013 spiega l\u2019assessore Satta \u2013 \u00e8 entrata nel circuito Fao per un'attivit\u00e0 coordinata di lotta e informazione sulle locuste (locusta marocchina, Dociostaurus maroccanus) e sta collaborando attivamente con l'organizzazione per uno scambio continuo di informazioni e tecniche di soppressione. La FAO \u00e8 l\u2019organismo internazionale pi\u00f9 accreditato sul tema poich\u00e9 pu\u00f2 vantare un'esperienza consolidata nella lotta contro le locuste, avendo iniziato l\u2019attivit\u00e0 di ricerca nel settore sin dal 1947.<\/p>\n\n\n\n<p>\"La partecipazione della Sardegna a questa iniziativa \u2013 prosegue l\u2019assessore dell\u2019Agricoltura \u2013 evidenzia il nostro impegno nel combattere le infestazioni di locuste e proteggere le nostre colture agricole.\"<\/p>\n\n\n\n<p>La collaborazione con la FAO offre un'opportunit\u00e0 preziosa per la condivisione di conoscenze e l'apprendimento delle migliori pratiche nella lotta alle infestazioni acridiche.<\/p>\n\n\n\n<p>\u201cL'implementazione dei suggerimenti e delle indicazioni degli specialisti della FAO pu\u00f2 fornire alla Sardegna strumenti efficaci per affrontare le infestazioni in maniera pi\u00f9 efficace\u201d afferma ancora l\u2019esponente della Giunta sarda. \u201cCi\u00f2 potrebbe includere l'adozione di ulteriori strategie di monitoraggio, metodi di controllo biologico, l'uso di prodotti chimici selettivi o altre tecniche innovative. La lotta contro le locuste richiede una cooperazione globale e l'interazione con organizzazioni internazionali, come la FAO, \u00e8 fondamentale per affrontare questa sfida comune\", conclude l\u2019assessore Satta. Com<\/p>\n","protected":false},"excerpt":{"rendered":"<p>Cagliari, 16 Magg 2023\u00a0\u2013 Domani mattina alle 10, dall\u2019assessorato dell\u2019Agricoltura di Via Pessagno, si terr\u00e0 un&#8217;importante videoconferenza tra l&#8217;Assessore dell&#8217;Agricoltura, Valeria Satta, il Commissario di&#8230;<\/p>\n","protected":false},"author":2,"featured_media":234750,"comment_status":"closed","ping_status":"open","sticky":false,"template":"","format":"standard","meta":[],"categories":[49,52],"tags":[],"_links":{"self":[{"href":"https:\/\/www.cronacaonline.it\/index.php\/wp-json\/wp\/v2\/posts\/235959"}],"collection":[{"href":"https:\/\/www.cronacaonline.it\/index.php\/wp-json\/wp\/v2\/posts"}],"about":[{"href":"https:\/\/www.cronacaonline.it\/index.php\/wp-json\/wp\/v2\/types\/post"}],"author":[{"embeddable":true,"href":"https:\/\/www.cronacaonline.it\/index.php\/wp-json\/wp\/v2\/users\/2"}],"replies":[{"embeddable":true,"href":"https:\/\/www.cronacaonline.it\/index.php\/wp-json\/wp\/v2\/comments?post=235959"}],"version-history":[{"count":1,"href":"https:\/\/www.cronacaonline.it\/index.php\/wp-json\/wp\/v2\/posts\/235959\/revisions"}],"predecessor-version":[{"id":235960,"href":"https:\/\/www.cronacaonline.it\/index.php\/wp-json\/wp\/v2\/posts\/235959\/revisions\/235960"}],"wp:featuredmedia":[{"embeddable":true,"href":"https:\/\/www.cronacaonline.it\/index.php\/wp-json\/wp\/v2\/media\/234750"}],"wp:attachment":[{"href":"https:\/\/www.cronacaonline.it\/index.php\/wp-json\/wp\/v2\/media?parent=235959"}],"wp:term":[{"taxonomy":"category","embeddable":true,"href":"https:\/\/www.cronacaonline.it\/index.php\/wp-json\/wp\/v2\/categories?post=235959"},{"taxonomy":"post_tag","embeddable":true,"href":"https:\/\/www.cronacaonline.it\/index.php\/wp-json\/wp\/v2\/tags?post=235959"}],"curies":[{"name":"wp","href":"https:\/\/api.w.org\/{rel}","templated":true}]}}