{"id":235952,"date":"2023-05-16T15:31:58","date_gmt":"2023-05-16T13:31:58","guid":{"rendered":"https:\/\/www.cronacaonline.it\/?p=235952"},"modified":"2023-05-16T15:31:59","modified_gmt":"2023-05-16T13:31:59","slug":"lassessore-lai-interviene-alla-conferenza-stampa-di-presentazione-del-marchio-lavorando-100-inclusione-sociale","status":"publish","type":"post","link":"https:\/\/www.cronacaonline.it\/index.php\/2023\/05\/16\/lassessore-lai-interviene-alla-conferenza-stampa-di-presentazione-del-marchio-lavorando-100-inclusione-sociale\/","title":{"rendered":"L\u2019assessore Lai interviene alla conferenza stampa di presentazione del marchio \u201clav(or)ando 100% inclusione sociale\u201d."},"content":{"rendered":"\n<p>Cagliari, 16 Magg 2023 - \u201cCrediamo nell\u2019inclusione sociale e nella valorizzazione delle competenze per favorire il reinserimento sociale e lavorativo. L\u2019assessorato del Lavoro ha raddoppiato le sovvenzioni alle cooperative, proprio perch\u00e9 riconosce l\u2019importanza dell\u2019economia cooperativa e il loro contributo allo sviluppo sostenibile e alla crescita occupazionale\u201d. Cos\u00ec l\u2019assessore regionale del Lavoro, Ada Lai, \u00e8 intervenuta alla conferenza stampa di presentazione del marchio etico solidale \u201cLav(or)ando 100% Inclusione Sociale\u201d, tenutasi stamane nella sede dell\u2019Assessorato regionale del Lavoro.<\/p>\n\n\n\n<p>Incentivare il superamento dei processi di esclusione sociale dei detenuti e delle persone che sbagliano \u00e8 l\u2019obiettivo dell\u2019iniziativa, nata dal Progetto Lav(or)ando, sviluppato nella casa Circondariale di Uta e promosso dalla Elan Societ\u00e0 Cooperativa Sociale, sostenuto dalla Fondazione con il sud. Un progetto venuto alla luce, proprio&nbsp;&nbsp;per favorire il recupero sociale e dare un\u2019occasione di riscatto a 24 persone sottoposte a provvedimenti penali detentivi, attraverso l\u2019inserimento lavorativo nella lavanderia industriale - i cui macchinari e attrezzature sono stati acquistati anche grazie a un contributo regionale -&nbsp;presente all\u2019interno della Casa Circondariale di Uta e a seguire in imprese del territorio disponibili ad accoglierli, che potranno beneficiare di sgravi fiscali, in caso di assunzione.<\/p>\n\n\n\n<p>&nbsp;\u201cQuesta cooperativa - ha detto Lai - \u00e8 un esempio virtuoso di impresa sostenibile perch\u00e9 promotrice di un progetto che restituisce dignit\u00e0 alle persone, favorendo&nbsp;l\u2019occupabilit\u00e0&nbsp;e il reinserimento sociale attraverso un percorso di formazione, tirocinio e lavoro. Condividiamo il valore dell\u2019inclusione sociale, una delle missioni del Piano Nazionale di Ripresa e Resilienza (Pnrr) e pilastro del Fondo Sociale Europeo Plus (FSE+) 2021-2027\u201d.&nbsp;Com<\/p>\n","protected":false},"excerpt":{"rendered":"<p>Cagliari, 16 Magg 2023 &#8211; \u201cCrediamo nell\u2019inclusione sociale e nella valorizzazione delle competenze per favorire il reinserimento sociale e lavorativo. L\u2019assessorato del Lavoro ha raddoppiato&#8230;<\/p>\n","protected":false},"author":2,"featured_media":235953,"comment_status":"closed","ping_status":"open","sticky":false,"template":"","format":"standard","meta":[],"categories":[49,52],"tags":[],"_links":{"self":[{"href":"https:\/\/www.cronacaonline.it\/index.php\/wp-json\/wp\/v2\/posts\/235952"}],"collection":[{"href":"https:\/\/www.cronacaonline.it\/index.php\/wp-json\/wp\/v2\/posts"}],"about":[{"href":"https:\/\/www.cronacaonline.it\/index.php\/wp-json\/wp\/v2\/types\/post"}],"author":[{"embeddable":true,"href":"https:\/\/www.cronacaonline.it\/index.php\/wp-json\/wp\/v2\/users\/2"}],"replies":[{"embeddable":true,"href":"https:\/\/www.cronacaonline.it\/index.php\/wp-json\/wp\/v2\/comments?post=235952"}],"version-history":[{"count":1,"href":"https:\/\/www.cronacaonline.it\/index.php\/wp-json\/wp\/v2\/posts\/235952\/revisions"}],"predecessor-version":[{"id":235954,"href":"https:\/\/www.cronacaonline.it\/index.php\/wp-json\/wp\/v2\/posts\/235952\/revisions\/235954"}],"wp:featuredmedia":[{"embeddable":true,"href":"https:\/\/www.cronacaonline.it\/index.php\/wp-json\/wp\/v2\/media\/235953"}],"wp:attachment":[{"href":"https:\/\/www.cronacaonline.it\/index.php\/wp-json\/wp\/v2\/media?parent=235952"}],"wp:term":[{"taxonomy":"category","embeddable":true,"href":"https:\/\/www.cronacaonline.it\/index.php\/wp-json\/wp\/v2\/categories?post=235952"},{"taxonomy":"post_tag","embeddable":true,"href":"https:\/\/www.cronacaonline.it\/index.php\/wp-json\/wp\/v2\/tags?post=235952"}],"curies":[{"name":"wp","href":"https:\/\/api.w.org\/{rel}","templated":true}]}}