{"id":235937,"date":"2023-05-16T11:34:49","date_gmt":"2023-05-16T09:34:49","guid":{"rendered":"https:\/\/www.cronacaonline.it\/?p=235937"},"modified":"2023-05-16T11:34:51","modified_gmt":"2023-05-16T09:34:51","slug":"giovanni-malago-presenta-la-seconda-edizione-del-memorial-dedicato-a-giampiero-galeazzi-parata-di-stelle-allevento-riservato-ai-giornalisti-che-si-svolge-in-gallura-dal-15-al-18-giugno","status":"publish","type":"post","link":"https:\/\/www.cronacaonline.it\/index.php\/2023\/05\/16\/giovanni-malago-presenta-la-seconda-edizione-del-memorial-dedicato-a-giampiero-galeazzi-parata-di-stelle-allevento-riservato-ai-giornalisti-che-si-svolge-in-gallura-dal-15-al-18-giugno\/","title":{"rendered":"Giovanni Malag\u00f2 presenta la seconda edizione del Memorial dedicato a Giampiero Galeazzi: Parata di stelle all\u2019evento riservato ai giornalisti che si svolge in Gallura dal 15 al 18 giugno."},"content":{"rendered":"\n<p>Cagliari, 16 Magg 2023 - Gioved\u00ec prossimo, 18 maggio, alle 12, il presidente nazionale del Coni, Giovanni Malag\u00f2, presenta a Roma - Palazzo H, largo De Bosis - la seconda edizione del torneo nazionale di padel Memorial Giampiero Galeazzi. Alla conferenza stampa prendono parte Gianluca e Susanna Galeazzi. E sono stati invitati i ministri Andrea Abodi e Gennaro Sangiuliano, i presidenti di Odg, Ussi, Aics, Sport e salute, Lega calcio serie B e FederCusi, Carlo Bartoli, Gianfranco Coppola, Bruno Molea, Vito Cozzoli, Mauro Balata e Antonio Dima. Attesi anche il segretario generale della Fnsi, Vittorio Di Trapani, il campione olimpico Daniele Masala, il gi\u00e0 segretario generale del Coni e commissario Figc, Roberto Fabbricini, i rappresentanti della Regione Sardegna e del comune di Arzachena, autorit\u00e0 istituzionali e sportive, assieme a volti noti del mondo della cultura, del cinema e del giornalismo. Modera la conferenza Iacopo Volpi. L\u2019evento si terr\u00e0 ad Arzachena da gioved\u00ec 15 a domenica 18 giugno negli impianti Skg Arena e Padel Deer-Case della Marina, Porto Cervo, ed \u00e8 curato da Aics e Ussi. Il Memorial \u00e8 patrocinato da Regione Sardegna, Odg, Fnsi, Ussi, Aics, Universit\u00e0 di Cagliari, FederCusi, Sport e salute, Lega serie B, Figc-Lnd Sardegna, comuni di Arzachena, Tempio e Cagliari. \u00a0I lavori sono in media partnership con la Rai.<\/p>\n\n\n\n<p>Dopo la conferenza al Coni ne terremo altre due tra Cagliari e Arzachena. Il tema \u201cMemoria, tra giornalismo e quotidianit\u00e0\u201d \u00e8 la cornice del corso condiviso con l\u2019Ordine e l\u2019Ussi. Intanto, procede il concorso letterario ideato per le terze medie di Arzachena e Tempio. Previsti anche test di avviamento gratuito al padel per i giovani del luogo. Il corso apre il Memorial gioved\u00ec 15 giugno (14\/17) all\u2019Auditorium di Arzachena. Iscrizioni alla mail padelmemorialgaleazzi@gmail.com. Nel 2022, a Cagliari, abbiamo aperto con il video di Fiorello, il saluto dei campioni olimpici Josefa Idem e Daniele Masala. A Cagliari hanno partecipato Gianfranco Zola, Alessia Mancini, Christian Brocchi, Gimmy Maini, Pierluigi Casiraghi, Dario Marcolin, Leonardo Metalli, Massimo Rastelli, Flaminia Bolzan, David Suazo, i campioni dello scudetto del Cagliari 1970. Il progetto del Memorial \u00e8 stato finanziato con il contributo della Regione autonoma della Sardegna. Com<\/p>\n","protected":false},"excerpt":{"rendered":"<p>Cagliari, 16 Magg 2023 &#8211; Gioved\u00ec prossimo, 18 maggio, alle 12, il presidente nazionale del Coni, Giovanni Malag\u00f2, presenta a Roma &#8211; Palazzo H, largo&#8230;<\/p>\n","protected":false},"author":2,"featured_media":219670,"comment_status":"closed","ping_status":"open","sticky":false,"template":"","format":"standard","meta":[],"categories":[49,56],"tags":[],"_links":{"self":[{"href":"https:\/\/www.cronacaonline.it\/index.php\/wp-json\/wp\/v2\/posts\/235937"}],"collection":[{"href":"https:\/\/www.cronacaonline.it\/index.php\/wp-json\/wp\/v2\/posts"}],"about":[{"href":"https:\/\/www.cronacaonline.it\/index.php\/wp-json\/wp\/v2\/types\/post"}],"author":[{"embeddable":true,"href":"https:\/\/www.cronacaonline.it\/index.php\/wp-json\/wp\/v2\/users\/2"}],"replies":[{"embeddable":true,"href":"https:\/\/www.cronacaonline.it\/index.php\/wp-json\/wp\/v2\/comments?post=235937"}],"version-history":[{"count":1,"href":"https:\/\/www.cronacaonline.it\/index.php\/wp-json\/wp\/v2\/posts\/235937\/revisions"}],"predecessor-version":[{"id":235938,"href":"https:\/\/www.cronacaonline.it\/index.php\/wp-json\/wp\/v2\/posts\/235937\/revisions\/235938"}],"wp:featuredmedia":[{"embeddable":true,"href":"https:\/\/www.cronacaonline.it\/index.php\/wp-json\/wp\/v2\/media\/219670"}],"wp:attachment":[{"href":"https:\/\/www.cronacaonline.it\/index.php\/wp-json\/wp\/v2\/media?parent=235937"}],"wp:term":[{"taxonomy":"category","embeddable":true,"href":"https:\/\/www.cronacaonline.it\/index.php\/wp-json\/wp\/v2\/categories?post=235937"},{"taxonomy":"post_tag","embeddable":true,"href":"https:\/\/www.cronacaonline.it\/index.php\/wp-json\/wp\/v2\/tags?post=235937"}],"curies":[{"name":"wp","href":"https:\/\/api.w.org\/{rel}","templated":true}]}}