{"id":235933,"date":"2023-05-16T10:23:00","date_gmt":"2023-05-16T08:23:00","guid":{"rendered":"https:\/\/www.cronacaonline.it\/?p=235933"},"modified":"2023-05-16T10:23:02","modified_gmt":"2023-05-16T08:23:02","slug":"assessore-lavoro-sardegna-lai-aree-di-crisi-industriale-complessa-al-via-lavviso-da-oltre-9-milioni-per-la-concessione-e-proroga-mobilita-in-deroga-2023","status":"publish","type":"post","link":"https:\/\/www.cronacaonline.it\/index.php\/2023\/05\/16\/assessore-lavoro-sardegna-lai-aree-di-crisi-industriale-complessa-al-via-lavviso-da-oltre-9-milioni-per-la-concessione-e-proroga-mobilita-in-deroga-2023\/","title":{"rendered":"Assessore Lavoro Sardegna Lai: Aree di crisi industriale complessa, al via l\u2019avviso da oltre 9 milioni per la concessione e proroga mobilit\u00e0 in deroga 2023."},"content":{"rendered":"\n<p>Cagliari, 16 Magg 2023\u00a0- Al via \u201cl\u2019Avviso per la riapertura annuale delle istanze per il trattamento di mobilit\u00e0 in deroga nelle aree di crisi complessa. Annualit\u00e0 2023\u201d. Ad annunciarlo l\u2019assessore del Lavoro, Ada Lai, che ha espresso soddisfazione per un provvedimento tanto atteso a sostegno del reddito dei lavoratori, infatti solo recentemente \u00e8 stato pubblicato il decreto ministeriale di assegnazione delle risorse alle regioni. \u201cRingraziamo la ministra Calderone - ha affermato Lai - che \u00e8 riuscita a sbloccare i fondi per un intervento importante, rivolto alle lavoratrici e ai lavoratori in mobilit\u00e0 delle aree di crisi industriale riconosciute come\u00a0complesse dal Ministero dello Sviluppo Economico, per i poli industriali di Portovesme e Porto Torres. Si tratta - spiega l\u2019assessore del Lavoro - di territori particolarmente colpiti dalla recessione con perdite occupazionali di rilevanza nazionale con un impatto significativo sulla politica industriale, problematiche che non si possono risanare con risorse e strumenti di sola competenza regionale. Territori con forti criticit\u00e0 economiche con un alto indice di fragilit\u00e0 e vulnerabilit\u00e0 sociale. La dotazione finanziaria dell\u2019Avviso - conclude l\u2019esponente dell\u2019esecutivo sardo - \u00e8 di oltre 9 milioni di euro per il riconoscimento e la copertura dei trattamenti di CIGS e mobilit\u00e0 in deroga per il 2023\u201d.<\/p>\n\n\n\n<p>I lavoratori, o tramite delega anche le organizzazioni sindacali, potranno presentare le richieste di prima concessione e proroga per il trattamento di mobilit\u00e0 in deroga per l\u2019annualit\u00e0 2023, a partire dalle ore 10:00 del 22 maggio 2023 ed entro e non oltre le ore 23:59 del 12 giugno 2023. Le&nbsp;istanze&nbsp;potranno&nbsp;essere&nbsp;inviate&nbsp;esclusivamente&nbsp;&nbsp;attraverso&nbsp;i&nbsp;servizi&nbsp;on&nbsp;line&nbsp;del Sil&nbsp;Sardegna, mediante il portale&nbsp;<a href=\"http:\/\/www.sardegnalavoro.it\/\" target=\"_blank\" rel=\"noreferrer noopener\">www.sardegnalavoro.it<\/a>.<\/p>\n\n\n\n<p>Link all\u2019avviso&nbsp;<a href=\"https:\/\/www.sardegnalavoro.it\/sil_notizie\/al-via-dal-22-maggio-la-presentazione-delle-istanze-di-prima-concessione-e-proroga-di-mobilita-in-deroga\/\" target=\"_blank\" rel=\"noreferrer noopener\">https:\/\/www.sardegnalavoro.it\/sil_notizie\/al-via-dal-22-maggio-la-presentazione-delle-istanze-di-prima-concessione-e-proroga-di-mobilita-in-deroga\/<\/a><\/p>\n","protected":false},"excerpt":{"rendered":"<p>Cagliari, 16 Magg 2023\u00a0&#8211; Al via \u201cl\u2019Avviso per la riapertura annuale delle istanze per il trattamento di mobilit\u00e0 in deroga nelle aree di crisi complessa.&#8230;<\/p>\n","protected":false},"author":2,"featured_media":231046,"comment_status":"closed","ping_status":"open","sticky":false,"template":"","format":"standard","meta":[],"categories":[49,52],"tags":[],"_links":{"self":[{"href":"https:\/\/www.cronacaonline.it\/index.php\/wp-json\/wp\/v2\/posts\/235933"}],"collection":[{"href":"https:\/\/www.cronacaonline.it\/index.php\/wp-json\/wp\/v2\/posts"}],"about":[{"href":"https:\/\/www.cronacaonline.it\/index.php\/wp-json\/wp\/v2\/types\/post"}],"author":[{"embeddable":true,"href":"https:\/\/www.cronacaonline.it\/index.php\/wp-json\/wp\/v2\/users\/2"}],"replies":[{"embeddable":true,"href":"https:\/\/www.cronacaonline.it\/index.php\/wp-json\/wp\/v2\/comments?post=235933"}],"version-history":[{"count":1,"href":"https:\/\/www.cronacaonline.it\/index.php\/wp-json\/wp\/v2\/posts\/235933\/revisions"}],"predecessor-version":[{"id":235934,"href":"https:\/\/www.cronacaonline.it\/index.php\/wp-json\/wp\/v2\/posts\/235933\/revisions\/235934"}],"wp:featuredmedia":[{"embeddable":true,"href":"https:\/\/www.cronacaonline.it\/index.php\/wp-json\/wp\/v2\/media\/231046"}],"wp:attachment":[{"href":"https:\/\/www.cronacaonline.it\/index.php\/wp-json\/wp\/v2\/media?parent=235933"}],"wp:term":[{"taxonomy":"category","embeddable":true,"href":"https:\/\/www.cronacaonline.it\/index.php\/wp-json\/wp\/v2\/categories?post=235933"},{"taxonomy":"post_tag","embeddable":true,"href":"https:\/\/www.cronacaonline.it\/index.php\/wp-json\/wp\/v2\/tags?post=235933"}],"curies":[{"name":"wp","href":"https:\/\/api.w.org\/{rel}","templated":true}]}}