{"id":235905,"date":"2023-05-15T16:01:36","date_gmt":"2023-05-15T14:01:36","guid":{"rendered":"https:\/\/www.cronacaonline.it\/?p=235905"},"modified":"2023-05-15T16:01:38","modified_gmt":"2023-05-15T14:01:38","slug":"ambasciatore-del-kirghizistan-in-visita-in-municipio-di-cagliari","status":"publish","type":"post","link":"https:\/\/www.cronacaonline.it\/index.php\/2023\/05\/15\/ambasciatore-del-kirghizistan-in-visita-in-municipio-di-cagliari\/","title":{"rendered":"Ambasciatore del Kirghizistan in visita in Municipio di Cagliari."},"content":{"rendered":"\n<p>Cagliari, 15 Magg 2023 - Il Presidente del Consiglio Comunale di Cagliari, Edoardo Tocco, nella mattina di oggi, luned\u00ec 15 maggio 2023, ha ricevuto in Municipio l'Ambasciatore del Kirghizistan in Italia, Taalai Bazarbaev.<\/p>\n\n\n\n<p>\u00c8 stata l'occasione, dopo i primi contatti avviati diciotto mesi fa, di riaprire il dialogo sul Patto di Amicizia tra il capoluogo sardo e la capitale Biskek.<\/p>\n\n\n\n<p>\u201cPer noi \u2013 ha accolto cos\u00ec l'Ambasciatore il Presidente Tocco \u2013 \u00e8 un grande onore poter far incontrare le nostre culture e riuscire a lavorare sugli aspetti di socialit\u00e0 legati ai vostri connazionali che vivono a Cagliari\u201d.<\/p>\n\n\n\n<p>Sono oltre 500 i Kirghisi in Sardegna e per questo il corpo diplomatico \u00e8 particolarmente interessato a sviluppare i rapporti tra le due popolazioni.<\/p>\n\n\n\n<p>\u201cIl vostro aiuto \u2013 ha aggiunto l'Ambasciatore Bazarbaev \u2013 \u00e8 molto prezioso per noi perch\u00e9 oltre a poter dare la possibilit\u00e0 ai nostri connazionali che vivono in Sardegna di esercitare il diritto di voto, ci piacerebbe poter svolgere a Cagliari alcune nostre iniziative- Oltre a curare lo sviluppo di attivit\u00e0 commerciali\u201d.<\/p>\n\n\n\n<p>Idee e proposte ascoltate e in gran parte condivise da Edoardo Tocco che dopo aver portato i saluti del Sindaco Paolo Truzzu, ha confermato tutta la sua disponibilit\u00e0 nel cercare di portare avanti i progetti comuni. Con un successivo appuntamento che, in autunno, potrebbe essere fissato direttamente in Kirghizistan.<\/p>\n\n\n\n<p>Al termine dell'incontro, il Presidente Tocco ha donato all'Ambasciatore Taalai Bazarbaev una collezione di stampe della citt\u00e0 e ha ricevuto dal diplomatico del Kirghizistan un manufatto tipico dell'artigianato kirghiso. Com<\/p>\n","protected":false},"excerpt":{"rendered":"<p>Cagliari, 15 Magg 2023 &#8211; Il Presidente del Consiglio Comunale di Cagliari, Edoardo Tocco, nella mattina di oggi, luned\u00ec 15 maggio 2023, ha ricevuto in&#8230;<\/p>\n","protected":false},"author":2,"featured_media":235906,"comment_status":"closed","ping_status":"open","sticky":false,"template":"","format":"standard","meta":[],"categories":[49,52],"tags":[],"_links":{"self":[{"href":"https:\/\/www.cronacaonline.it\/index.php\/wp-json\/wp\/v2\/posts\/235905"}],"collection":[{"href":"https:\/\/www.cronacaonline.it\/index.php\/wp-json\/wp\/v2\/posts"}],"about":[{"href":"https:\/\/www.cronacaonline.it\/index.php\/wp-json\/wp\/v2\/types\/post"}],"author":[{"embeddable":true,"href":"https:\/\/www.cronacaonline.it\/index.php\/wp-json\/wp\/v2\/users\/2"}],"replies":[{"embeddable":true,"href":"https:\/\/www.cronacaonline.it\/index.php\/wp-json\/wp\/v2\/comments?post=235905"}],"version-history":[{"count":1,"href":"https:\/\/www.cronacaonline.it\/index.php\/wp-json\/wp\/v2\/posts\/235905\/revisions"}],"predecessor-version":[{"id":235907,"href":"https:\/\/www.cronacaonline.it\/index.php\/wp-json\/wp\/v2\/posts\/235905\/revisions\/235907"}],"wp:featuredmedia":[{"embeddable":true,"href":"https:\/\/www.cronacaonline.it\/index.php\/wp-json\/wp\/v2\/media\/235906"}],"wp:attachment":[{"href":"https:\/\/www.cronacaonline.it\/index.php\/wp-json\/wp\/v2\/media?parent=235905"}],"wp:term":[{"taxonomy":"category","embeddable":true,"href":"https:\/\/www.cronacaonline.it\/index.php\/wp-json\/wp\/v2\/categories?post=235905"},{"taxonomy":"post_tag","embeddable":true,"href":"https:\/\/www.cronacaonline.it\/index.php\/wp-json\/wp\/v2\/tags?post=235905"}],"curies":[{"name":"wp","href":"https:\/\/api.w.org\/{rel}","templated":true}]}}