{"id":235895,"date":"2023-05-15T14:51:58","date_gmt":"2023-05-15T12:51:58","guid":{"rendered":"https:\/\/www.cronacaonline.it\/?p=235895"},"modified":"2023-05-15T14:52:00","modified_gmt":"2023-05-15T12:52:00","slug":"teatro-lirico-di-cagliari-carla-cuccu-idea-sardegna-vogliamo-risposte-sulla-gestione-della-fondazione","status":"publish","type":"post","link":"https:\/\/www.cronacaonline.it\/index.php\/2023\/05\/15\/teatro-lirico-di-cagliari-carla-cuccu-idea-sardegna-vogliamo-risposte-sulla-gestione-della-fondazione\/","title":{"rendered":"Teatro Lirico di Cagliari: Carla Cuccu (Idea Sardegna) \u2018vogliamo risposte sulla gestione della fondazione\u2019."},"content":{"rendered":"\n<p>Cagliari, 15 Magg 2023 \u2013 \u201cNessuna risposta. Adesso basta. Gi\u00e0 in data 1 Dicembre 2022 avevo depositato un\u2019interrogazione sulla gestione della Fondazione Teatro Lirico. In questi mesi continuano ad uscire notizie della cattiva gestione del Teatro. Vogliamo risposte immediate\u201d.<\/p>\n\n\n\n<p>\u201cIn seguito ai recenti fatti ed indagini, il Vicepresidente della Fondazione, rappresentante la Regione Sardegna all\u2019interno del Comitato di indirizzo, si \u00e8 dimesso mettendo in luce, come si legge nei resoconti giornalistici, \u201cuna gestione considerata opaca e fallimentare\u201d.<\/p>\n\n\n\n<p>Si parla di situazioni surreali e gravissime, con l'omessa presentazione di atti fondamentali come la relazione artistica e la rendicontazione trimestrale impedendo la verifica da parte del CdI medesimo dei dati di bilancio e di tutte le informazioni vitali per il buon funzionamento della Fondazione.<\/p>\n\n\n\n<p>\u201cNella programmazione dedicata al territorio sono state inserite produzioni molto costose in un capannone della Fiera di Cagliari solitamente utilizzato per concerti di musica Pop e Trap e non certo per l\u2019opera lirica. Una programmazione che va ad evidenziare la mancata programmazione ed attenzione verso il mondo del Teatro Lirico, e dimostra la scarsa ed approssimativa qualit\u00e0 artistica della programmazione. Il calo del pubblico \u00e8 ormai noto a tutti ed \u00e8 un segnale molto<br>pi\u00f9 che allarmante\u201d.<\/p>\n\n\n\n<p>\u201cHo deciso quindi di interrogare L\u2019Onorevole Assessore alla Cultura per sapere se non ritiene di dover attivare con urgenza tutte le azioni possibili al fine di salvaguardare il buon nome della Fondazione. Ed ho inoltre richiesto adeguata documentazione con costi dettagliati, pezze giustificative e relazioni puntuali ed esaustive circa spese sostenute e le eventuali entrate conseguite per la trasferta in Oman e per la realizzazione delle produzioni svolte negli spazi della Fiera di Cagliari\u201d. Com<\/p>\n","protected":false},"excerpt":{"rendered":"<p>Cagliari, 15 Magg 2023 \u2013 \u201cNessuna risposta. Adesso basta. Gi\u00e0 in data 1 Dicembre 2022 avevo depositato un\u2019interrogazione sulla gestione della Fondazione Teatro Lirico. In&#8230;<\/p>\n","protected":false},"author":2,"featured_media":233830,"comment_status":"closed","ping_status":"open","sticky":false,"template":"","format":"standard","meta":[],"categories":[49,52],"tags":[],"_links":{"self":[{"href":"https:\/\/www.cronacaonline.it\/index.php\/wp-json\/wp\/v2\/posts\/235895"}],"collection":[{"href":"https:\/\/www.cronacaonline.it\/index.php\/wp-json\/wp\/v2\/posts"}],"about":[{"href":"https:\/\/www.cronacaonline.it\/index.php\/wp-json\/wp\/v2\/types\/post"}],"author":[{"embeddable":true,"href":"https:\/\/www.cronacaonline.it\/index.php\/wp-json\/wp\/v2\/users\/2"}],"replies":[{"embeddable":true,"href":"https:\/\/www.cronacaonline.it\/index.php\/wp-json\/wp\/v2\/comments?post=235895"}],"version-history":[{"count":1,"href":"https:\/\/www.cronacaonline.it\/index.php\/wp-json\/wp\/v2\/posts\/235895\/revisions"}],"predecessor-version":[{"id":235896,"href":"https:\/\/www.cronacaonline.it\/index.php\/wp-json\/wp\/v2\/posts\/235895\/revisions\/235896"}],"wp:featuredmedia":[{"embeddable":true,"href":"https:\/\/www.cronacaonline.it\/index.php\/wp-json\/wp\/v2\/media\/233830"}],"wp:attachment":[{"href":"https:\/\/www.cronacaonline.it\/index.php\/wp-json\/wp\/v2\/media?parent=235895"}],"wp:term":[{"taxonomy":"category","embeddable":true,"href":"https:\/\/www.cronacaonline.it\/index.php\/wp-json\/wp\/v2\/categories?post=235895"},{"taxonomy":"post_tag","embeddable":true,"href":"https:\/\/www.cronacaonline.it\/index.php\/wp-json\/wp\/v2\/tags?post=235895"}],"curies":[{"name":"wp","href":"https:\/\/api.w.org\/{rel}","templated":true}]}}