{"id":235893,"date":"2023-05-15T14:48:58","date_gmt":"2023-05-15T12:48:58","guid":{"rendered":"https:\/\/www.cronacaonline.it\/?p=235893"},"modified":"2023-05-15T14:49:01","modified_gmt":"2023-05-15T12:49:01","slug":"spopolamento-stanziati-complessivamente-oltre-360-milioni-di-euro","status":"publish","type":"post","link":"https:\/\/www.cronacaonline.it\/index.php\/2023\/05\/15\/spopolamento-stanziati-complessivamente-oltre-360-milioni-di-euro\/","title":{"rendered":"Spopolamento, stanziati complessivamente oltre 360 milioni di euro."},"content":{"rendered":"\n<p>Cagliari, 15 Magg 2023 \u2013\u00a0Con il bando per le attivit\u00e0 produttive, pubblicato dal sistema delle Camere di Commercio regionali, si chiude il cerchio delle misure messe a disposizione dalla Regione per combattere lo spopolamento e l\u2019isolamento dei territori. Si tratta dell\u2019ultimo provvedimento dei tre avviati e in vigore \u2013 bonus nascita, agevolazioni per le attivit\u00e0 produttive, mutui prima casa \u2013 nei Comuni sotto i 3mila abitanti, che punta a sostenere la ripresa economica dei territori favorendo l\u2019apertura di nuove attivit\u00e0 imprenditoriali (o il trasferimento delle aziende) nel territorio dei piccoli Comuni.<\/p>\n\n\n\n<p>\u201cPer la prima volta la Sardegna ha potuto beneficiare di risorse vere e certe per contenere e contrastare il fenomeno dello spopolamento incentivando da un lato i residenti a non abbandonare il loro territorio e dall\u2019altro rilanciando l\u2019economia e accrescendo l\u2019attrattivit\u00e0 dei territori per richiamare nuovi residenti\u201d.<\/p>\n\n\n\n<p>\u201cLa misura tesa a supportare lo sviluppo imprenditoriale nei piccoli comuni rientra nella pluralit\u00e0 degli interventi a cui abbiamo dato corso con decisione e fermezza. Con l\u2019ultimo bando in pubblicazione possiamo dire di aver chiuso il cerchio e avviato tutte e tre le misure in favore della rinascita dei territori\u201d, ha detto il Presidente.<\/p>\n\n\n\n<p>La norma prevede la concessione di un contributo da 15mila euro a 20mila euro per l'apertura di nuove attivit\u00e0 nei centri a rischio spopolamento. In sostanza, ogni nuova attivit\u00e0 aperta e ogni trasferimento di attivit\u00e0 nel territorio dei Comuni con una popolazione inferiore ai 3.000 abitanti ricever\u00e0 un contributo a fondo perduto pari a 15mila euro, che diventano 20mila qualora si incrementi l\u2019occupazione. A questa misura, a partire dal 2023 si aggancia quella di accompagnamento delle imprese (comprese le nuove) che prevede, appunto dall\u2019anno in corso, un contributo nella forma del credito d'imposta fino al 40% delle imposte versate, con il fine di sgravare le attivit\u00e0 economiche dagli elevati costi dell'imposizione fiscale.<\/p>\n\n\n\n<p>\u201cDando la possibilit\u00e0 alle famiglie e alle imprese di vivere appieno quelle realt\u00e0 territoriali che a causa dell\u2019invecchiamento della popolazione e dell\u2019esodo giovanile rischiano di morire, la Regione esprime la massima vicinanza ai territori e il pieno sostegno alle Comunit\u00e0 \u2013 spiega l\u2019Assessore della Programmazione e Bilancio, Giuseppe Fasolino \u2013 Ci eravamo dati un obiettivo ambizioso da raggiungere: studiare e poi dare gambe a nuove formule incentivanti per far rinascere i piccoli Comuni. Oggi, con questo ultimo e atteso passo \u2013 ha concluso l\u2019esponente della Giunta sarda - possiamo dire di aver chiuso un cerchio che nella lotta allo spopolamento ci vede protagonisti a livello nazionale, una migliore pratica riconosciuta anche a livello internazionale\u201d.<\/p>\n\n\n\n<p>Ammontano complessivamente a oltre 360 milioni di euro le risorse stanziate dalla Regione contro lo spopolamento attraverso le tre principali linee d\u2019azione. Guardando all\u2019ultimo provvedimento (attivit\u00e0 economiche), la misura \u00e8 stata innalzata facendo passare le risorse da 60 a 120 milioni nel triennio, a cui si sono aggiunti altri 40 milioni di euro per l\u2019annualit\u00e0 2025. In pi\u00f9, sempre in riferimento alle attivit\u00e0 economiche, c'\u00e8 appunto il credito d'imposta a partire dal 2023 (quindi su redditi 2022), e anche per questa misura la Giunta sarda ha previsto altri 40 milioni l'anno, monte-risorse valido sia per le imprese esistenti e sia per le nuove in ottica non solo di sostegno ma anche di accompagnamento alle attivit\u00e0 gi\u00e0 in essere. Le risorse complessive messe a disposizione per la linea d\u2019azione riferita alle attivit\u00e0 \u00e8 quindi di 280 milioni di euro.<\/p>\n","protected":false},"excerpt":{"rendered":"<p>Cagliari, 15 Magg 2023 \u2013\u00a0Con il bando per le attivit\u00e0 produttive, pubblicato dal sistema delle Camere di Commercio regionali, si chiude il cerchio delle misure&#8230;<\/p>\n","protected":false},"author":2,"featured_media":224580,"comment_status":"closed","ping_status":"open","sticky":false,"template":"","format":"standard","meta":[],"categories":[49,52],"tags":[],"_links":{"self":[{"href":"https:\/\/www.cronacaonline.it\/index.php\/wp-json\/wp\/v2\/posts\/235893"}],"collection":[{"href":"https:\/\/www.cronacaonline.it\/index.php\/wp-json\/wp\/v2\/posts"}],"about":[{"href":"https:\/\/www.cronacaonline.it\/index.php\/wp-json\/wp\/v2\/types\/post"}],"author":[{"embeddable":true,"href":"https:\/\/www.cronacaonline.it\/index.php\/wp-json\/wp\/v2\/users\/2"}],"replies":[{"embeddable":true,"href":"https:\/\/www.cronacaonline.it\/index.php\/wp-json\/wp\/v2\/comments?post=235893"}],"version-history":[{"count":1,"href":"https:\/\/www.cronacaonline.it\/index.php\/wp-json\/wp\/v2\/posts\/235893\/revisions"}],"predecessor-version":[{"id":235894,"href":"https:\/\/www.cronacaonline.it\/index.php\/wp-json\/wp\/v2\/posts\/235893\/revisions\/235894"}],"wp:featuredmedia":[{"embeddable":true,"href":"https:\/\/www.cronacaonline.it\/index.php\/wp-json\/wp\/v2\/media\/224580"}],"wp:attachment":[{"href":"https:\/\/www.cronacaonline.it\/index.php\/wp-json\/wp\/v2\/media?parent=235893"}],"wp:term":[{"taxonomy":"category","embeddable":true,"href":"https:\/\/www.cronacaonline.it\/index.php\/wp-json\/wp\/v2\/categories?post=235893"},{"taxonomy":"post_tag","embeddable":true,"href":"https:\/\/www.cronacaonline.it\/index.php\/wp-json\/wp\/v2\/tags?post=235893"}],"curies":[{"name":"wp","href":"https:\/\/api.w.org\/{rel}","templated":true}]}}