{"id":235877,"date":"2023-05-15T09:27:46","date_gmt":"2023-05-15T07:27:46","guid":{"rendered":"https:\/\/www.cronacaonline.it\/?p=235877"},"modified":"2023-05-15T09:27:49","modified_gmt":"2023-05-15T07:27:49","slug":"il-consigliere-regionale-del-partito-democratico-roberto-deriu-lancia-un-appello-alla-segretaria-nazionale-schlein-diamo-il-buon-esempio-basta-liste-bloccate-nelle-elezioni-interne-al-parti","status":"publish","type":"post","link":"https:\/\/www.cronacaonline.it\/index.php\/2023\/05\/15\/il-consigliere-regionale-del-partito-democratico-roberto-deriu-lancia-un-appello-alla-segretaria-nazionale-schlein-diamo-il-buon-esempio-basta-liste-bloccate-nelle-elezioni-interne-al-parti\/","title":{"rendered":"Il consigliere regionale del Partito Democratico Roberto Deriu lancia un appello alla segretaria Nazionale Schlein: \u201cdiamo il buon esempio, basta liste bloccate nelle elezioni interne al partito\u201d."},"content":{"rendered":"\n<p>Cagliari, 15 Magg 2023 - \u201cHo accolto con molto piacere e approvazione le recenti dichiarazioni di Elly Schlein sulla legge elettorale. Il Pd dia il buon esempio ed elimini le liste bloccate nelle elezioni interne al partito\u201d. \u00c8 questo l\u2019appello lanciato da Roberto Deriu, consigliere regionale del Partito Democratico in Sardegna e membro dell\u2019Assemblea nazionale, rivolto alla segretaria del PD.<\/p>\n\n\n\n<p>\u201cPer essere veramente credibile sul tema delle riforme istituzionali, e in particolare sulla legge elettorale \u2013 dice Deriu \u2013, il PD si faccia promotore di questo cambiamento ed elimini le liste bloccate nelle elezioni interne dei nostri organi, soprattutto all\u2019Assemblea nazionale, ripristinando cos\u00ec le preferenze. Come componente dell\u2019Assemblea nazionale presenter\u00f2 una proposta su questo tema\u201d.<\/p>\n\n\n\n<p>Un passaggio fondamentale, secondo l\u2019esponente dem, per restituire al popolo la scelta di eleggere i propri rappresentanti: \u201cLa nostra Assemblea nazionale \u00e8 eletta da tutti i cittadini con le primarie aperte, \u00e8 pertanto doveroso dare la possibilit\u00e0 a tutti coloro che partecipano di scegliere il loro rappresentante. Diamo il buon esempio con una vera svolta democratica \u2013 conclude Roberto Deriu \u2013, altrimenti non saremo credibili\u201d. Com<\/p>\n","protected":false},"excerpt":{"rendered":"<p>Cagliari, 15 Magg 2023 &#8211; \u201cHo accolto con molto piacere e approvazione le recenti dichiarazioni di Elly Schlein sulla legge elettorale. Il Pd dia il&#8230;<\/p>\n","protected":false},"author":2,"featured_media":227336,"comment_status":"closed","ping_status":"open","sticky":false,"template":"","format":"standard","meta":[],"categories":[49,52],"tags":[],"_links":{"self":[{"href":"https:\/\/www.cronacaonline.it\/index.php\/wp-json\/wp\/v2\/posts\/235877"}],"collection":[{"href":"https:\/\/www.cronacaonline.it\/index.php\/wp-json\/wp\/v2\/posts"}],"about":[{"href":"https:\/\/www.cronacaonline.it\/index.php\/wp-json\/wp\/v2\/types\/post"}],"author":[{"embeddable":true,"href":"https:\/\/www.cronacaonline.it\/index.php\/wp-json\/wp\/v2\/users\/2"}],"replies":[{"embeddable":true,"href":"https:\/\/www.cronacaonline.it\/index.php\/wp-json\/wp\/v2\/comments?post=235877"}],"version-history":[{"count":1,"href":"https:\/\/www.cronacaonline.it\/index.php\/wp-json\/wp\/v2\/posts\/235877\/revisions"}],"predecessor-version":[{"id":235878,"href":"https:\/\/www.cronacaonline.it\/index.php\/wp-json\/wp\/v2\/posts\/235877\/revisions\/235878"}],"wp:featuredmedia":[{"embeddable":true,"href":"https:\/\/www.cronacaonline.it\/index.php\/wp-json\/wp\/v2\/media\/227336"}],"wp:attachment":[{"href":"https:\/\/www.cronacaonline.it\/index.php\/wp-json\/wp\/v2\/media?parent=235877"}],"wp:term":[{"taxonomy":"category","embeddable":true,"href":"https:\/\/www.cronacaonline.it\/index.php\/wp-json\/wp\/v2\/categories?post=235877"},{"taxonomy":"post_tag","embeddable":true,"href":"https:\/\/www.cronacaonline.it\/index.php\/wp-json\/wp\/v2\/tags?post=235877"}],"curies":[{"name":"wp","href":"https:\/\/api.w.org\/{rel}","templated":true}]}}