{"id":235821,"date":"2023-05-13T12:33:11","date_gmt":"2023-05-13T10:33:11","guid":{"rendered":"https:\/\/www.cronacaonline.it\/?p=235821"},"modified":"2023-05-13T12:33:15","modified_gmt":"2023-05-13T10:33:15","slug":"lassessore-lai-interviene-al-xv-premio-fidapa-emanuela-loi-lai-educare-al-rispetto-e-alla-legalita-gia-dalla-scuola","status":"publish","type":"post","link":"https:\/\/www.cronacaonline.it\/index.php\/2023\/05\/13\/lassessore-lai-interviene-al-xv-premio-fidapa-emanuela-loi-lai-educare-al-rispetto-e-alla-legalita-gia-dalla-scuola\/","title":{"rendered":"L\u2019assessore Lai interviene al xv premio Fidapa \u201cEmanuela Loi\u201d. Lai: \u201ceducare al rispetto e alla legalit\u00e0 gi\u00e0 dalla scuola\u201d."},"content":{"rendered":"\n<p>Cagliari, 13 Magg 2023 \u2013\u00a0\u201cApprezzamento per un\u2019iniziativa promossa da donne nel nome di Emanuela Loi, il cui sacrificio nel compimento del proprio dovere tutti ricordiamo con commozione. E\u2019 significativo che il premio sia conferito ad un'altra donna, Daniela Mura, soprintendente della Polizia di Stato di Cagliari, come prosecuzione ideale di quel servizio che Emanuela non ha potuto portare avanti a causa della malvagit\u00e0 umana.\u00a0\u00a0Oggi pi\u00f9 che mai, nelle scuole \u00e8 indispensabile sensibilizzare le giovani generazioni su temi vitali per la nostra vita sociale, quali la legalit\u00e0, la lotta alla criminalit\u00e0 organizzata e ad ogni tipo di violenza fisica o verbale\u201d. Cos\u00ec l\u2019assessore regionale del Lavoro, Ada Lai, \u00e8 intervenuta, in rappresentanza del presidente della Regione Christian Solinas, al XV Premio Fidapa \u201cEmanuela Loi\u201d, presso l\u2019Aula Consiliare del Comune di Cagliari.\u201cColgo con piacere che il tema del concorso di quest\u2019anno \u00e8 \u201cBullismo e cyberbullismo: conoscere per comprendere, prevenire e contrastare\u201d - ha sottolineato Lai - Sappiamo bene, infatti, che non si muore solo a causa della violenza fisica, ma purtroppo anche per quelle sottili e subdole forme di disprezzo e di offesa lesive della dignit\u00e0 personale, oggi amplificate da un cattivo uso delle nuove tecnologie. A questo proposito - ha aggiunto l\u2019assessore del Lavoro - voglio ricordare che il Consiglio regionale ha approvato la Legge 18 per la prevenzione e il contrasto ai fenomeni di bullismo e cyberbullismo. Un provvedimento importante, tanto atteso per sostenere gli enti e le istituzioni come la scuola nel combattere il fenomeno. Perch\u00e9 l\u2019educazione al rispetto e alla legalit\u00e0 deve iniziare gi\u00e0 dalla scuola.<\/p>\n\n\n\n<p>Oggi siamo qui - ha detto l\u2019esponente dell\u2019esecutivo sardo - anche per valorizzare il contributo delle donne nelle professioni, nelle arti, nei saperi e negli affari e nel lavoro con quell\u2019aggiunta di vivacit\u00e0, creativit\u00e0 e originalit\u00e0 tipica femminile, che consente alle imprese e a tutte le organizzazioni di esprimere quelle eccellenze che, come assessore del Lavoro, voglio tutelare e sostenere.&nbsp;In questa direzione - aggiunge - continua la nostra collaborazione. La&nbsp;Fidapa, in partenariato con un'agenzia formativa potr\u00e0 partecipare all\u2019avviso per la formazione sugli antichi mestieri identitari, come il tessile, la sartoria, l\u2019artigianato, che abbiamo inserito tra le materie del bando, grazie alla loro sollecitazione. Un bando dell\u2019assessorato regionale del Lavoro, di prossima pubblicazione - conclude - volto alla creazione di un modello produttivo, efficiente, sostenibile e competitivo, e alla promozione di programmi di inclusione e coesione sociale, attraverso la formazione di figure professionali spendibili nel mondo del lavoro. Com<\/p>\n","protected":false},"excerpt":{"rendered":"<p>Cagliari, 13 Magg 2023 \u2013\u00a0\u201cApprezzamento per un\u2019iniziativa promossa da donne nel nome di Emanuela Loi, il cui sacrificio nel compimento del proprio dovere tutti ricordiamo&#8230;<\/p>\n","protected":false},"author":2,"featured_media":165935,"comment_status":"closed","ping_status":"open","sticky":false,"template":"","format":"standard","meta":[],"categories":[49,52],"tags":[],"_links":{"self":[{"href":"https:\/\/www.cronacaonline.it\/index.php\/wp-json\/wp\/v2\/posts\/235821"}],"collection":[{"href":"https:\/\/www.cronacaonline.it\/index.php\/wp-json\/wp\/v2\/posts"}],"about":[{"href":"https:\/\/www.cronacaonline.it\/index.php\/wp-json\/wp\/v2\/types\/post"}],"author":[{"embeddable":true,"href":"https:\/\/www.cronacaonline.it\/index.php\/wp-json\/wp\/v2\/users\/2"}],"replies":[{"embeddable":true,"href":"https:\/\/www.cronacaonline.it\/index.php\/wp-json\/wp\/v2\/comments?post=235821"}],"version-history":[{"count":1,"href":"https:\/\/www.cronacaonline.it\/index.php\/wp-json\/wp\/v2\/posts\/235821\/revisions"}],"predecessor-version":[{"id":235822,"href":"https:\/\/www.cronacaonline.it\/index.php\/wp-json\/wp\/v2\/posts\/235821\/revisions\/235822"}],"wp:featuredmedia":[{"embeddable":true,"href":"https:\/\/www.cronacaonline.it\/index.php\/wp-json\/wp\/v2\/media\/165935"}],"wp:attachment":[{"href":"https:\/\/www.cronacaonline.it\/index.php\/wp-json\/wp\/v2\/media?parent=235821"}],"wp:term":[{"taxonomy":"category","embeddable":true,"href":"https:\/\/www.cronacaonline.it\/index.php\/wp-json\/wp\/v2\/categories?post=235821"},{"taxonomy":"post_tag","embeddable":true,"href":"https:\/\/www.cronacaonline.it\/index.php\/wp-json\/wp\/v2\/tags?post=235821"}],"curies":[{"name":"wp","href":"https:\/\/api.w.org\/{rel}","templated":true}]}}