{"id":235763,"date":"2023-05-12T13:47:26","date_gmt":"2023-05-12T11:47:26","guid":{"rendered":"https:\/\/www.cronacaonline.it\/?p=235763"},"modified":"2023-05-12T13:47:28","modified_gmt":"2023-05-12T11:47:28","slug":"dl-semplificazioni-lassessore-doria-misure-sulla-sanita-attese-da-tempo-dalle-regioni","status":"publish","type":"post","link":"https:\/\/www.cronacaonline.it\/index.php\/2023\/05\/12\/dl-semplificazioni-lassessore-doria-misure-sulla-sanita-attese-da-tempo-dalle-regioni\/","title":{"rendered":"Dl semplificazioni, l\u2019assessore Doria: \u201cmisure sulla sanit\u00e0 attese da tempo dalle regioni\u201d."},"content":{"rendered":"\n<p>Cagliari, 12 Magg 2023 \u2013\u00a0Ricetta elettronica, meccanismi pi\u00f9 snelli nelle comunicazioni della carenza dei farmaci e un anno di validit\u00e0 della ricetta dematerializzata per le terapie dei pazienti cronici: \u201cProvvedimenti attesi, che le Regioni auspicavano da tempo. Un alleggerimento delle incombenze amministrative a vantaggio dei cittadini, ma anche dei medici. Non dimentichiamo che, secondo le stime, gli adempimenti burocratici oggi pesano per il 30% sull\u2019attivit\u00e0 dei medici di medicina generale. Qualsiasi misura improntata alla semplificazione consente ai medici di dedicare pi\u00f9 tempo ai pazienti e alle loro necessit\u00e0 di assistenza\u201d.<\/p>\n\n\n\n<p>Sono le parole dell\u2019assessore regionale della Sanit\u00e0, Carlo Doria, che esprime soddisfazione per le novit\u00e0 in ambito sanitario contenute nel DL Semplificazioni approvato in Consiglio dei Ministri.<\/p>\n\n\n\n<p>\u201cIl provvedimento del Governo \u2013 prosegue l\u2019assessore \u2013 mette fine alla lunga sperimentazione della ricetta elettronica, che diventa, a tutti gli effetti, un elemento strutturale del nostro sistema sanitario, i cui benefici per i cittadini sono gi\u00e0 stati largamente apprezzati. Bene anche la durata di un anno della validit\u00e0 delle prescrizioni rivolte ai pazienti cronici che consentiranno, inoltre, sempre sulla base delle indicazioni del medico, un approvvigionamento di farmaci per 30 giorni di terapia. Parliamo di persone che necessitano di assumere sempre lo stesso farmaco, cos\u00ec facendo si evita loro, o chi si prende cura di loro, nel caso di persone non autosufficienti, di doversi recare ripetutamente dal medico, anche in condizioni di disagio\u201d.<\/p>\n\n\n\n<p>\u201cNon meno importanti \u2013 precisa l\u2019assessore \u2013 le nuove regole per far fronte all\u2019eventuale carenza dei farmaci, che impongono un termine pi\u00f9 breve nelle comunicazioni tra le aziende farmaceutiche e l\u2019Aifa in caso di interruzione temporanea o definitiva della produzione di un farmaco. Aspetto che potr\u00e0 consentire ai medici di valutare tempestivamente quali farmaci prescrivere per garantire ai pazienti la prosecuzione delle terapie in corso\u201d.<\/p>\n\n\n\n<p>\u201cVoglio sottolineare con grande soddisfazione come l\u2019impegno finora profuso anche da parte nostra abbia sancito una stretta intesa fra Governo e Regione nel condividere percorsi che vadano incontro alle esigenze dell\u2019utenza e degli operatori\u201d, conclude l\u2019assessore Doria. Com<\/p>\n","protected":false},"excerpt":{"rendered":"<p>Cagliari, 12 Magg 2023 \u2013\u00a0Ricetta elettronica, meccanismi pi\u00f9 snelli nelle comunicazioni della carenza dei farmaci e un anno di validit\u00e0 della ricetta dematerializzata per le&#8230;<\/p>\n","protected":false},"author":2,"featured_media":229795,"comment_status":"closed","ping_status":"open","sticky":false,"template":"","format":"standard","meta":[],"categories":[49,52],"tags":[],"_links":{"self":[{"href":"https:\/\/www.cronacaonline.it\/index.php\/wp-json\/wp\/v2\/posts\/235763"}],"collection":[{"href":"https:\/\/www.cronacaonline.it\/index.php\/wp-json\/wp\/v2\/posts"}],"about":[{"href":"https:\/\/www.cronacaonline.it\/index.php\/wp-json\/wp\/v2\/types\/post"}],"author":[{"embeddable":true,"href":"https:\/\/www.cronacaonline.it\/index.php\/wp-json\/wp\/v2\/users\/2"}],"replies":[{"embeddable":true,"href":"https:\/\/www.cronacaonline.it\/index.php\/wp-json\/wp\/v2\/comments?post=235763"}],"version-history":[{"count":1,"href":"https:\/\/www.cronacaonline.it\/index.php\/wp-json\/wp\/v2\/posts\/235763\/revisions"}],"predecessor-version":[{"id":235764,"href":"https:\/\/www.cronacaonline.it\/index.php\/wp-json\/wp\/v2\/posts\/235763\/revisions\/235764"}],"wp:featuredmedia":[{"embeddable":true,"href":"https:\/\/www.cronacaonline.it\/index.php\/wp-json\/wp\/v2\/media\/229795"}],"wp:attachment":[{"href":"https:\/\/www.cronacaonline.it\/index.php\/wp-json\/wp\/v2\/media?parent=235763"}],"wp:term":[{"taxonomy":"category","embeddable":true,"href":"https:\/\/www.cronacaonline.it\/index.php\/wp-json\/wp\/v2\/categories?post=235763"},{"taxonomy":"post_tag","embeddable":true,"href":"https:\/\/www.cronacaonline.it\/index.php\/wp-json\/wp\/v2\/tags?post=235763"}],"curies":[{"name":"wp","href":"https:\/\/api.w.org\/{rel}","templated":true}]}}