{"id":235758,"date":"2023-05-12T12:26:32","date_gmt":"2023-05-12T10:26:32","guid":{"rendered":"https:\/\/www.cronacaonline.it\/?p=235758"},"modified":"2023-05-12T12:26:34","modified_gmt":"2023-05-12T10:26:34","slug":"ambiente-assessore-porcu-a-villasimius-prevenire-e-limitare-lerosione-costiera-per-la-qualita-e-la-fruizione-in-sicurezza-del-territorio","status":"publish","type":"post","link":"https:\/\/www.cronacaonline.it\/index.php\/2023\/05\/12\/ambiente-assessore-porcu-a-villasimius-prevenire-e-limitare-lerosione-costiera-per-la-qualita-e-la-fruizione-in-sicurezza-del-territorio\/","title":{"rendered":"Ambiente, assessore Porcu a Villasimius: \u2019prevenire e limitare l&#8217;erosione costiera per la qualit\u00e0 e la fruizione in sicurezza del territorio\u2019."},"content":{"rendered":"\n<p>Cagliari, 12 Magg 2023\u00a0\u2013 \u201cGli interventi per prevenire e limitare\u00a0l'erosione costiera, oltre a quelli di riqualificazione, rappresentano un\u2019azione fondamentale in materia ambientale perch\u00e9 hanno importanti ripercussioni sulla qualit\u00e0 e sulla fruizione in sicurezza del territorio. Ho verificato la fattibilit\u00e0 di alcune richieste d\u2019intervento, oltre ad aver visitato le zone oggetto di riqualificazione ambientale, ragionando su altre azioni necessarie per la tutela dell\u2019area marina, senza trascurare la presenza delle realt\u00e0 economiche\u201d.\u00a0Lo ha detto l\u2019assessore regionale della Difesa dell\u2019ambiente, Marco Porcu, durante il sopralluogo a Villasimius, insieme al commissario straordinario del Comune, Remo Ortu, al direttore dell\u2019Area marina protetta di Capo Carbonara, Fabrizio Atzori, e ad alcuni dirigenti dell\u2019Assessorato.<\/p>\n\n\n\n<p>\u201cL\u2019azione della Giunta regionale per combattere l\u2019erosione costiera \u00e8 stata, sin dal suo insediamento, molto intensa \u2013 ha aggiunto l\u2019assessore Porcu \u2013 Anche quest\u2019anno, con la legge finanziaria regionale sono stati confermati i fondi (2 milioni di euro per tre anni) per realizzare gli interventi richiesti dai Comuni. Inoltre, \u00e8 stato istituito un fondo di rotazione (un milione all\u2019anno per tre anni) destinato a finanziare le fasi progettuali degli interventi realizzabili coi fondi europei. Indispensabile, perch\u00e9 spesso i Comuni, pur avendo progetti finanziabili, riscontrano difficolt\u00e0 ad avviare la progettazione necessaria per l\u2019accesso alle risorse. Si tratta di un fondo che si ricostituisce perch\u00e9 i costi di progettazione possono essere rendicontati nel finanziamento\u201d. Com<\/p>\n","protected":false},"excerpt":{"rendered":"<p>Cagliari, 12 Magg 2023\u00a0\u2013 \u201cGli interventi per prevenire e limitare\u00a0l&#8217;erosione costiera, oltre a quelli di riqualificazione, rappresentano un\u2019azione fondamentale in materia ambientale perch\u00e9 hanno importanti&#8230;<\/p>\n","protected":false},"author":2,"featured_media":230444,"comment_status":"closed","ping_status":"open","sticky":false,"template":"","format":"standard","meta":[],"categories":[49,52],"tags":[],"_links":{"self":[{"href":"https:\/\/www.cronacaonline.it\/index.php\/wp-json\/wp\/v2\/posts\/235758"}],"collection":[{"href":"https:\/\/www.cronacaonline.it\/index.php\/wp-json\/wp\/v2\/posts"}],"about":[{"href":"https:\/\/www.cronacaonline.it\/index.php\/wp-json\/wp\/v2\/types\/post"}],"author":[{"embeddable":true,"href":"https:\/\/www.cronacaonline.it\/index.php\/wp-json\/wp\/v2\/users\/2"}],"replies":[{"embeddable":true,"href":"https:\/\/www.cronacaonline.it\/index.php\/wp-json\/wp\/v2\/comments?post=235758"}],"version-history":[{"count":1,"href":"https:\/\/www.cronacaonline.it\/index.php\/wp-json\/wp\/v2\/posts\/235758\/revisions"}],"predecessor-version":[{"id":235759,"href":"https:\/\/www.cronacaonline.it\/index.php\/wp-json\/wp\/v2\/posts\/235758\/revisions\/235759"}],"wp:featuredmedia":[{"embeddable":true,"href":"https:\/\/www.cronacaonline.it\/index.php\/wp-json\/wp\/v2\/media\/230444"}],"wp:attachment":[{"href":"https:\/\/www.cronacaonline.it\/index.php\/wp-json\/wp\/v2\/media?parent=235758"}],"wp:term":[{"taxonomy":"category","embeddable":true,"href":"https:\/\/www.cronacaonline.it\/index.php\/wp-json\/wp\/v2\/categories?post=235758"},{"taxonomy":"post_tag","embeddable":true,"href":"https:\/\/www.cronacaonline.it\/index.php\/wp-json\/wp\/v2\/tags?post=235758"}],"curies":[{"name":"wp","href":"https:\/\/api.w.org\/{rel}","templated":true}]}}