{"id":235739,"date":"2023-05-12T08:26:35","date_gmt":"2023-05-12T06:26:35","guid":{"rendered":"https:\/\/www.cronacaonline.it\/?p=235739"},"modified":"2023-05-12T08:26:38","modified_gmt":"2023-05-12T06:26:38","slug":"caro-affitti-dichiarazione-di-silvio-lai-deputato-del-pd","status":"publish","type":"post","link":"https:\/\/www.cronacaonline.it\/index.php\/2023\/05\/12\/caro-affitti-dichiarazione-di-silvio-lai-deputato-del-pd\/","title":{"rendered":"Caro affitti &#8211; Dichiarazione di Silvio Lai, deputato del PD."},"content":{"rendered":"\n<p>Sassari, 12 Magg 2023 - Sul caro affitti, Il Ministro Valditara fa lo scaricabarile senza dare soluzioni. Silvio Lai (Pd): venga nelle Universit\u00e0 sarde e si accorger\u00e0 dei problemi reali. Poi, se ci riesce, cominci a lavorare per garantire il diritto allo studio. Lo scrive in una nota il Deputato sassarese del Partito Democratico, Silvio Lai.<\/p>\n\n\n\n<p>Sul caro affitti per gli studenti il ministro Valditara gioca allo scaricabarile incapace, anche su questo tema, di dire qualcosa di sensato e di proporre soluzioni. Nel suo stesso governo prende le distanze pure la ministra Bernini.<\/p>\n\n\n\n<p>Se Valditara fosse l'uomo giusto al posto giusto avrebbe dovuto gi\u00e0 attivare un tavolo istituzionale con Regioni e Comuni per concertare azioni e misure che consentano di abbassare i costi degli affitti, aumentare le disponibilit\u00e0, garantire i necessari controlli per evitare speculazioni. Dovrebbe poi spiegare perch\u00e9 \u00e8 stato cancellato il fondo di 330 milioni per gli affitti e annunciarne, quindi, reintegro ed aumento.<\/p>\n\n\n\n<p>Il ministro Valditara dovrebbe essere il garante costituzionale del diritto allo studio ed occuparsi delle criticit\u00e0, come il caro affitti, che lo impediscono.<\/p>\n\n\n\n<p>Venga nelle Universit\u00e0 sarde e si accorger\u00e0 dei problemi reali. Parli con i rettori, i docenti, il personale amministrativo, gli studenti e avr\u00e0 cos\u00ec il quadro completo delle lacune e dei disagi che emergono ogni giorno.&nbsp;<\/p>\n\n\n\n<p>Per farlo bene per\u00f2 occorre lavorare seriamente evitando le boutade polemiche. Fino ad ora non ci \u00e8 riuscito. Red<\/p>\n","protected":false},"excerpt":{"rendered":"<p>Sassari, 12 Magg 2023 &#8211; Sul caro affitti, Il Ministro Valditara fa lo scaricabarile senza dare soluzioni. Silvio Lai (Pd): venga nelle Universit\u00e0 sarde e&#8230;<\/p>\n","protected":false},"author":2,"featured_media":226125,"comment_status":"closed","ping_status":"open","sticky":false,"template":"","format":"standard","meta":[],"categories":[49,52],"tags":[],"_links":{"self":[{"href":"https:\/\/www.cronacaonline.it\/index.php\/wp-json\/wp\/v2\/posts\/235739"}],"collection":[{"href":"https:\/\/www.cronacaonline.it\/index.php\/wp-json\/wp\/v2\/posts"}],"about":[{"href":"https:\/\/www.cronacaonline.it\/index.php\/wp-json\/wp\/v2\/types\/post"}],"author":[{"embeddable":true,"href":"https:\/\/www.cronacaonline.it\/index.php\/wp-json\/wp\/v2\/users\/2"}],"replies":[{"embeddable":true,"href":"https:\/\/www.cronacaonline.it\/index.php\/wp-json\/wp\/v2\/comments?post=235739"}],"version-history":[{"count":1,"href":"https:\/\/www.cronacaonline.it\/index.php\/wp-json\/wp\/v2\/posts\/235739\/revisions"}],"predecessor-version":[{"id":235740,"href":"https:\/\/www.cronacaonline.it\/index.php\/wp-json\/wp\/v2\/posts\/235739\/revisions\/235740"}],"wp:featuredmedia":[{"embeddable":true,"href":"https:\/\/www.cronacaonline.it\/index.php\/wp-json\/wp\/v2\/media\/226125"}],"wp:attachment":[{"href":"https:\/\/www.cronacaonline.it\/index.php\/wp-json\/wp\/v2\/media?parent=235739"}],"wp:term":[{"taxonomy":"category","embeddable":true,"href":"https:\/\/www.cronacaonline.it\/index.php\/wp-json\/wp\/v2\/categories?post=235739"},{"taxonomy":"post_tag","embeddable":true,"href":"https:\/\/www.cronacaonline.it\/index.php\/wp-json\/wp\/v2\/tags?post=235739"}],"curies":[{"name":"wp","href":"https:\/\/api.w.org\/{rel}","templated":true}]}}