{"id":235726,"date":"2023-05-11T18:50:27","date_gmt":"2023-05-11T16:50:27","guid":{"rendered":"https:\/\/www.cronacaonline.it\/?p=235726"},"modified":"2023-05-11T18:50:30","modified_gmt":"2023-05-11T16:50:30","slug":"oltre-17-milioni-per-le-imprese-del-turismo-al-via-lavviso-destinazione-sardegna-lavoro-2022","status":"publish","type":"post","link":"https:\/\/www.cronacaonline.it\/index.php\/2023\/05\/11\/oltre-17-milioni-per-le-imprese-del-turismo-al-via-lavviso-destinazione-sardegna-lavoro-2022\/","title":{"rendered":"Oltre 17 milioni per le imprese del turismo. Al via l\u2019avviso destinazione sardegna lavoro 2022."},"content":{"rendered":"\n<p>Cagliari 11 Magg 2023\u00a0- Con una dotazione finanziaria di oltre 17 milioni, parte l\u2019Avviso \u201cDestinazione Sardegna Lavoro 2022\u201d.\u00a0\u00a0Un bando a sportello\u00a0per la concessione di aiuti per le imprese turistiche che hanno assunto personale nel 2022. Lo afferma in una nota il Presidente della Regione Sardegna.<\/p>\n\n\n\n<p>\u201cNel turismo \u00e8 ormai indispensabile costruire un nuovo mercato del lavoro, con contratti stabili e regolari, ma soprattutto con salari dignitosi. La destagionalizzazione \u00e8 necessaria non solo per diversificare e rafforzare l'offerta turistica, ma anche per promuover l\u2019occupabilit\u00e0. Gli incentivi, infatti sono finalizzati non solo a sostenere uno dei settori economici pi\u00f9 danneggiati dalla crisi pandemica, ma anche a contrastare il lavoro precario, valorizzando le professionalit\u00e0&nbsp;e le competenze dei lavoratori\u201d.<\/p>\n\n\n\n<p>\u201cUn investimento importante di risorse finanziarie regionali per favorire&nbsp;l\u2019occupazione. Con i bonus assunzioni aiutiamo le imprese a sostenere il costo del lavoro - afferma l\u2019assessore regionale del Lavoro, Ada Lai, ma soprattutto puntiamo a rilanciare la stagione turistica, allungandola il pi\u00f9 possibile. Ridurre il costo del lavoro \u00e8 uno dei nostri obiettivi - assicura Lai - il personale, infatti, \u00e8 una delle voci di spesa che pesano maggiormente sul bilancio di un'azienda, che spesso viene tagliata riducendo l\u2019organico o alleggerendo le buste paga. Un&nbsp;intervento necessario per incrementare l\u2019occupazione dei giovani, delle donne e dei disoccupati.&nbsp;L\u2019Aiuto - spiega l\u2019esponente dell\u2019esecutivo sardo - consiste, infatti, in una sovvenzione per le imprese che hanno assunto nel 2022 giovani sotto i 35 anni di et\u00e0 e\/o disoccupati over 35, in particolare donne, con contratti a tempo determinato, della durata di almeno un mese, o indeterminato a tempo pieno o part time. A breve, uscir\u00e0 anche il prossimo Avviso per il 2023\u201d.<\/p>\n\n\n\n<p>La particolarit\u00e0 del bando \u00e8 proprio legata all'ampia rosa di beneficiari che possono candidarsi all'agevolazione. L\u2019avviso \u00e8 rivolto alle imprese e agli addetti della filiera turistica, intesa nel&nbsp;bando come l\u2019insieme delle imprese attive in Sardegna, che offrono beni prevalentemente ai turisti o servizi funzionali al comparto, che producono o commercializzano servizi turistici,&nbsp;operanti con i codici della classificazione delle attivit\u00e0 economiche Ateco 2007.<\/p>\n\n\n\n<p>La misura ha carattere retroattivo, ricomprende, infatti, le assunzioni effettuate a partire dal 1\u00b0 gennaio 2022 fino al 31 Dicembre 2022. Per ciascuna assunzione, sar\u00e0 erogato un aiuto parametrato alle fasce della retribuzione lorda e alla tipologia di aiuto richiesto, che pu\u00f2 variare da un minimo di 213,00 euro a un massimo di 854,00 euro; un minimo di 400,00 euro a un massimo di 1000,00 euro, nell\u2019ipotesi di Aiuti \u201cde minimis\u201d.<\/p>\n\n\n\n<p>Il via alle domande dal 24 e 25 maggio 2023. Dalle ore 10:00 del 24 maggio 2023 e fino alle ore 23:59 del 4 giugno 2023 per il target under 35 e dalle ore 10:00 del 25 maggio 2023 e fino alle ore 23:59 del 5 giugno 2023 per quello over 35.<\/p>\n\n\n\n<p>Le istanze potranno essere presentate&nbsp;esclusivamente attraverso l\u2019apposito applicativo del Sistema Informativo del Lavoro e della formazione Professionale (SIL) al seguente indirizzo:&nbsp;<a href=\"http:\/\/www.sardegnalavoro.it\/\" target=\"_blank\" rel=\"noreferrer noopener\">www.sardegnalavoro.it<\/a>.&nbsp;&nbsp;<\/p>\n\n\n\n<p>Essendo un avviso a sportello far\u00e0 fede la data di invio telematico certificata dal SIL. L\u2019ordine cronologico di invio telematico delle domande costituisce, infatti, l\u2019unico elemento di priorit\u00e0, nei limiti delle risorse complessivamente disponibili.<\/p>\n\n\n\n<p>Le richieste di ulteriori chiarimenti sull\u2019Avviso potranno essere presentate esclusivamente mediante e-mail al seguente indirizzo:&nbsp;<a href=\"javascript:webmail.View.mailto(%7bmailto:'lav.dsal2022@regione.sardegna.it',%20subject:%20''%7d)\">lav.dsal2022@regione.sardegna.it<\/a>. Verr\u00e0 data risposta in forma anonima a mezzo pubblicazione di appositi \u201cchiarimenti\u201d sul sito&nbsp;<a href=\"http:\/\/www.regione.sardegna.it\/\" target=\"_blank\" rel=\"noreferrer noopener\">www.regione.sardegna.it<\/a>&nbsp;sul sito&nbsp;<a href=\"http:\/\/www.sardegnalavoro.it\/\" target=\"_blank\" rel=\"noreferrer noopener\">www.sardegnalavoro.it<\/a>&nbsp;e sul sito&nbsp;<a href=\"http:\/\/www.sardegnaprogrammazione.it\/\" target=\"_blank\" rel=\"noreferrer noopener\">www.sardegnaprogrammazione.it<\/a>&nbsp;nella pagina relativa all\u2019Avviso pubblico in oggetto, e al fine di garantire trasparenza e pari condizioni tra i concorrenti.&nbsp;<\/p>\n","protected":false},"excerpt":{"rendered":"<p>Cagliari 11 Magg 2023\u00a0&#8211; Con una dotazione finanziaria di oltre 17 milioni, parte l\u2019Avviso \u201cDestinazione Sardegna Lavoro 2022\u201d.\u00a0\u00a0Un bando a sportello\u00a0per la concessione di aiuti&#8230;<\/p>\n","protected":false},"author":2,"featured_media":235318,"comment_status":"closed","ping_status":"open","sticky":false,"template":"","format":"standard","meta":[],"categories":[49,52],"tags":[],"_links":{"self":[{"href":"https:\/\/www.cronacaonline.it\/index.php\/wp-json\/wp\/v2\/posts\/235726"}],"collection":[{"href":"https:\/\/www.cronacaonline.it\/index.php\/wp-json\/wp\/v2\/posts"}],"about":[{"href":"https:\/\/www.cronacaonline.it\/index.php\/wp-json\/wp\/v2\/types\/post"}],"author":[{"embeddable":true,"href":"https:\/\/www.cronacaonline.it\/index.php\/wp-json\/wp\/v2\/users\/2"}],"replies":[{"embeddable":true,"href":"https:\/\/www.cronacaonline.it\/index.php\/wp-json\/wp\/v2\/comments?post=235726"}],"version-history":[{"count":1,"href":"https:\/\/www.cronacaonline.it\/index.php\/wp-json\/wp\/v2\/posts\/235726\/revisions"}],"predecessor-version":[{"id":235727,"href":"https:\/\/www.cronacaonline.it\/index.php\/wp-json\/wp\/v2\/posts\/235726\/revisions\/235727"}],"wp:featuredmedia":[{"embeddable":true,"href":"https:\/\/www.cronacaonline.it\/index.php\/wp-json\/wp\/v2\/media\/235318"}],"wp:attachment":[{"href":"https:\/\/www.cronacaonline.it\/index.php\/wp-json\/wp\/v2\/media?parent=235726"}],"wp:term":[{"taxonomy":"category","embeddable":true,"href":"https:\/\/www.cronacaonline.it\/index.php\/wp-json\/wp\/v2\/categories?post=235726"},{"taxonomy":"post_tag","embeddable":true,"href":"https:\/\/www.cronacaonline.it\/index.php\/wp-json\/wp\/v2\/tags?post=235726"}],"curies":[{"name":"wp","href":"https:\/\/api.w.org\/{rel}","templated":true}]}}