{"id":235698,"date":"2023-05-11T13:51:53","date_gmt":"2023-05-11T11:51:53","guid":{"rendered":"https:\/\/www.cronacaonline.it\/?p=235698"},"modified":"2023-05-11T13:51:57","modified_gmt":"2023-05-11T11:51:57","slug":"ambiente-assessore-porcu-il-settore-sughericolo-rappresenta-un-comparto-economico-rilevante-e-strategico","status":"publish","type":"post","link":"https:\/\/www.cronacaonline.it\/index.php\/2023\/05\/11\/ambiente-assessore-porcu-il-settore-sughericolo-rappresenta-un-comparto-economico-rilevante-e-strategico\/","title":{"rendered":"Ambiente, assessore Porcu: \u2018il settore sughericolo rappresenta un comparto economico rilevante e strategico."},"content":{"rendered":"\n<p>Cagliari, 11 Magg 2023\u00a0\u2013\u00a0\u201cIl settore sughericolo rappresenta un comparto economico rilevante e strategico: nell\u2019Isola, infatti, si trova l\u201983% della copertura sughericola nazionale. In Sardegna, dove il 50% del territorio \u00e8 forestale, dopo le leccete, le sugherete sono le pi\u00f9 diffuse, occupando circa 140.000 ettari.\u00a0Un elemento centrale per le politiche forestali regionali, sia per la sua importanza come filiera economico\u2013produttiva che come elemento caratterizzante della Sardegna\u201d. Lo ha detto l\u2019assessore regionale della Difesa dell\u2019ambiente, Marco Porcu, durante il convegno \u201cLe opportunit\u00e0 del settore sughericolo nella programmazione 2023-2027\u201d, in corso di svolgimento a Cagliari, organizzato dalla\u00a0Rete rurale nazionale, in collaborazione con l\u2019agenzia regionale Forestas e l\u2019Associazione nazionale delle Attivit\u00e0 regionali forestali\u00a0(Anarf).<\/p>\n\n\n\n<p>\u201cLa filiera del sughero interessa molteplici settori dell\u2019attivit\u00e0 regionale, ambiente, agricoltura e industria, perci\u00f2 \u00e8 necessaria un'efficace azione sinergica \u2013 ha aggiunto l\u2019assessore Porcu \u2013 Nel nostro ordinamento regionale le politiche forestali sono di competenza dell\u2019Assessorato dell\u2019Ambiente, mentre nelle altre Regioni fanno riferimento all\u2019Agricoltura, per l\u2019importanza che la Sardegna ha attribuito al rapporto tra ambiente e sviluppo. Un aspetto che deve rappresentare un punto di forza perch\u00e9 garantisce una migliore integrazione con le politiche dello sviluppo sostenibile\u201d.<\/p>\n\n\n\n<p>\u201cLa Sardegna, che partecipa anche al tavolo nazionale per il comparto sughericolo, gestisce le sugherete e la pianificazione forestale attraverso Forestas, mentre Agris \u00e8 incaricata della ricerca. L\u2019impegno della Regione su questo fronte \u00e8 massimo, anche&nbsp;per favorire la pianificazione di interventi a valere su fondi comunitari, nazionali o regionali che possano incidere sullo sviluppo del settore\u201c, ha concluso l\u2019Assessore&nbsp;&nbsp;dell\u2019Ambiente.&nbsp;Com<\/p>\n","protected":false},"excerpt":{"rendered":"<p>Cagliari, 11 Magg 2023\u00a0\u2013\u00a0\u201cIl settore sughericolo rappresenta un comparto economico rilevante e strategico: nell\u2019Isola, infatti, si trova l\u201983% della copertura sughericola nazionale. In Sardegna, dove&#8230;<\/p>\n","protected":false},"author":2,"featured_media":235699,"comment_status":"closed","ping_status":"open","sticky":false,"template":"","format":"standard","meta":[],"categories":[49,52],"tags":[],"_links":{"self":[{"href":"https:\/\/www.cronacaonline.it\/index.php\/wp-json\/wp\/v2\/posts\/235698"}],"collection":[{"href":"https:\/\/www.cronacaonline.it\/index.php\/wp-json\/wp\/v2\/posts"}],"about":[{"href":"https:\/\/www.cronacaonline.it\/index.php\/wp-json\/wp\/v2\/types\/post"}],"author":[{"embeddable":true,"href":"https:\/\/www.cronacaonline.it\/index.php\/wp-json\/wp\/v2\/users\/2"}],"replies":[{"embeddable":true,"href":"https:\/\/www.cronacaonline.it\/index.php\/wp-json\/wp\/v2\/comments?post=235698"}],"version-history":[{"count":1,"href":"https:\/\/www.cronacaonline.it\/index.php\/wp-json\/wp\/v2\/posts\/235698\/revisions"}],"predecessor-version":[{"id":235700,"href":"https:\/\/www.cronacaonline.it\/index.php\/wp-json\/wp\/v2\/posts\/235698\/revisions\/235700"}],"wp:featuredmedia":[{"embeddable":true,"href":"https:\/\/www.cronacaonline.it\/index.php\/wp-json\/wp\/v2\/media\/235699"}],"wp:attachment":[{"href":"https:\/\/www.cronacaonline.it\/index.php\/wp-json\/wp\/v2\/media?parent=235698"}],"wp:term":[{"taxonomy":"category","embeddable":true,"href":"https:\/\/www.cronacaonline.it\/index.php\/wp-json\/wp\/v2\/categories?post=235698"},{"taxonomy":"post_tag","embeddable":true,"href":"https:\/\/www.cronacaonline.it\/index.php\/wp-json\/wp\/v2\/tags?post=235698"}],"curies":[{"name":"wp","href":"https:\/\/api.w.org\/{rel}","templated":true}]}}