{"id":235696,"date":"2023-05-11T10:42:56","date_gmt":"2023-05-11T08:42:56","guid":{"rendered":"https:\/\/www.cronacaonline.it\/?p=235696"},"modified":"2023-05-11T10:42:57","modified_gmt":"2023-05-11T08:42:57","slug":"aeroporto-di-elmas-lassessore-moro-alla-sogaer-pochi-parcheggi-trovare-soluzioni-adeguate-per-tutelare-passeggeri-e-ncc","status":"publish","type":"post","link":"https:\/\/www.cronacaonline.it\/index.php\/2023\/05\/11\/aeroporto-di-elmas-lassessore-moro-alla-sogaer-pochi-parcheggi-trovare-soluzioni-adeguate-per-tutelare-passeggeri-e-ncc\/","title":{"rendered":"Aeroporto di Elmas, l\u2019assessore Moro alla Sogaer: pochi parcheggi, trovare soluzioni adeguate per tutelare passeggeri e Ncc."},"content":{"rendered":"\n<p>Cagliari, 11 Magg 2023 \u2013\u00a0\u201cAll\u2019assessorato continuano ad arrivare numerose segnalazioni di privati cittadini e di operatori del noleggio con conducente per i gravi disagi dovuti alla disponibilit\u00e0 insufficiente di parcheggi di servizio all\u2019aeroporto di Elmas. Situazione tanto pi\u00f9 preoccupante in quanto giunge in un momento ancora non di punta del traffico aeroportuale\u201d. Lo scrive l\u2019assessore regionale dei Trasporti, Antonio Moro, in una lettera ai vertici della Sogaer, la societ\u00e0 di gestione dello scalo cagliaritano.<\/p>\n\n\n\n<p>\u201c\u00c8 ormai quasi normale \u2013 sottolinea l\u2019assessore Moro \u2013 l\u2019indisponibilit\u00e0 di parcheggi all\u2019interno dell\u2019aerostazione con la conseguenza di costringere gran parte degli utenti a parcheggi irregolari ovvero a sostare lungo le strade vicinali attigue all\u2019aeroporto generando anche problemi di sicurezza stradale oltre che di disordine. Tra l\u2019altro, la recente decisione di eliminare l\u2019area dedicata a parcheggio in esclusiva agli Ncc di fatto pu\u00f2 rendere impossibile lo svolgimento del loro servizio pubblico. Appare ragionevole immaginare \u2013 prosegue l\u2019esponente della Giunta Sarda \u2013 che i minibus Ncc debbano disporre di aree da condividere eventualmente con bus sia in ordine alla possibilit\u00e0 di svolgere il servizio pubblico sia per evidenti motivi pratici stanti le dimensioni maggiori rispetto alle autovetture i cui parcheggi non sarebbero intercambiabili\u201d.<\/p>\n\n\n\n<p>\u201c\u00c8 superfluo rimarcare che, nel prossimo periodo estivo, i problemi esposti e gi\u00e0 tangibili nei giorni correnti non potranno che generare ulteriori criticit\u00e0. Pertanto \u2013 conclude l\u2019assessore Moro \u2013 si chiede di valutare la possibilit\u00e0 di studiare differenti soluzioni della gestione dei parcheggi atte a garantire i servizi pubblici collettivi e Ncc con spazi adeguati alla sosta dei mezzi e alle operazioni di carico e scarico dei passeggeri nonch\u00e9 offrire informazioni e soluzioni idonee per il pubblico in arrivo all\u2019aeroporto\u201d. Com<\/p>\n","protected":false},"excerpt":{"rendered":"<p>Cagliari, 11 Magg 2023 \u2013\u00a0\u201cAll\u2019assessorato continuano ad arrivare numerose segnalazioni di privati cittadini e di operatori del noleggio con conducente per i gravi disagi dovuti&#8230;<\/p>\n","protected":false},"author":2,"featured_media":229936,"comment_status":"closed","ping_status":"open","sticky":false,"template":"","format":"standard","meta":[],"categories":[49,52],"tags":[],"_links":{"self":[{"href":"https:\/\/www.cronacaonline.it\/index.php\/wp-json\/wp\/v2\/posts\/235696"}],"collection":[{"href":"https:\/\/www.cronacaonline.it\/index.php\/wp-json\/wp\/v2\/posts"}],"about":[{"href":"https:\/\/www.cronacaonline.it\/index.php\/wp-json\/wp\/v2\/types\/post"}],"author":[{"embeddable":true,"href":"https:\/\/www.cronacaonline.it\/index.php\/wp-json\/wp\/v2\/users\/2"}],"replies":[{"embeddable":true,"href":"https:\/\/www.cronacaonline.it\/index.php\/wp-json\/wp\/v2\/comments?post=235696"}],"version-history":[{"count":1,"href":"https:\/\/www.cronacaonline.it\/index.php\/wp-json\/wp\/v2\/posts\/235696\/revisions"}],"predecessor-version":[{"id":235697,"href":"https:\/\/www.cronacaonline.it\/index.php\/wp-json\/wp\/v2\/posts\/235696\/revisions\/235697"}],"wp:featuredmedia":[{"embeddable":true,"href":"https:\/\/www.cronacaonline.it\/index.php\/wp-json\/wp\/v2\/media\/229936"}],"wp:attachment":[{"href":"https:\/\/www.cronacaonline.it\/index.php\/wp-json\/wp\/v2\/media?parent=235696"}],"wp:term":[{"taxonomy":"category","embeddable":true,"href":"https:\/\/www.cronacaonline.it\/index.php\/wp-json\/wp\/v2\/categories?post=235696"},{"taxonomy":"post_tag","embeddable":true,"href":"https:\/\/www.cronacaonline.it\/index.php\/wp-json\/wp\/v2\/tags?post=235696"}],"curies":[{"name":"wp","href":"https:\/\/api.w.org\/{rel}","templated":true}]}}