{"id":235694,"date":"2023-05-11T09:54:01","date_gmt":"2023-05-11T07:54:01","guid":{"rendered":"https:\/\/www.cronacaonline.it\/?p=235694"},"modified":"2023-05-11T09:54:03","modified_gmt":"2023-05-11T07:54:03","slug":"motorizzazione-lassessore-moro-uffici-sardi-nel-caos-per-la-grave-carenza-di-personale-procedere-subito-a-nuove-assunzioni","status":"publish","type":"post","link":"https:\/\/www.cronacaonline.it\/index.php\/2023\/05\/11\/motorizzazione-lassessore-moro-uffici-sardi-nel-caos-per-la-grave-carenza-di-personale-procedere-subito-a-nuove-assunzioni\/","title":{"rendered":"Motorizzazione, l\u2019assessore Moro: uffici sardi nel caos per la grave carenza di personale, procedere subito a nuove assunzioni."},"content":{"rendered":"\n<p>Cagliari, 11 Magg 2023 \u2013\u00a0\u201cLa Motorizzazione civile della Sardegna, in particolare quella di Sassari, \u00e8 nel caos pi\u00f9 totale: gli uffici versano in una condizione di estrema criticit\u00e0 a causa della grave carenza di personale.\u00a0In attesa del\u00a0passaggio delle competenze dal Ministero delle Infrastrutture alla Regione, per limitare i disagi e i notevoli ritardi a cui sono soggetti i cittadini sardi e soprattutto gli operatori economici, si rende necessario procedere all\u2019assunzione di 7-8 tecnici ingegneri e altre 20 figure amministrative, da attingersi eventualmente anche da graduatorie di concorsi aperte nei vari enti locali della regione\u201d. Lo ribadisce l\u2019assessore regionale dei Trasporti, Antonio Moro, che in una lettera inviata al Ministero delle Infrastrutture ha chiesto un incontro urgente con la Direzione generale territoriale del Centro.<\/p>\n\n\n\n<p>\u201cLa Motorizzazione civile di Sassari \u2013 ricorda l\u2019assessore Moro \u2013 ha un ambito di competenza che si estende su tutto il nord Sardegna, quasi un terzo del territorio regionale, con un bacino di utenza di circa 500.000 abitanti.&nbsp;All\u2019interno della provincia di Sassari operano numerose aziende di autotrasporto passeggeri e merci, alcune di grandi dimensioni, 100 officine abilitate all\u2019effettuazione di revisioni di veicoli fino a 3,5 tonnellate, circa 50 autoscuole, altrettanti studi di consulenza automobilistica e alcune decine di allestitori di veicoli.&nbsp;L\u2019attuale organico della Sezione consta di 17 dipendenti in servizio, fra cui 10 esaminatori (4 appena abilitati), 4 dei quali sono anche operatori tecnici (uno andr\u00e0 in pensione il prossimo mese di luglio)\u201d.&nbsp;<\/p>\n\n\n\n<p>L\u2019attivit\u00e0 operativa dell\u2019ufficio, dice ancora l\u2019esponente della Giunta sarda, \u201cviene espletata per buona parte fuori sede, presso le autoscuole e le officine attrezzate per i collaudi e le revisioni dei mezzi pesanti, sparse su tutto il territorio della provincia, con maggiore concentrazione intorno ai centri abitati di Sassari e Olbia: tali attivit\u00e0 sono rese quasi esclusivamente in orario straordinario, con l\u2019utilizzo dell\u2019auto propria dei funzionari, e oneri a carico dei privati\u201d.&nbsp;Inoltre \u201cmolti operatori del settore (autoscuole, ditte di autotrasporto, centri di revisione) hanno sede in Gallura, a notevole distanza dalla sede dell\u2019Ufficio, con conseguenti difficolt\u00e0 di spostamento da parte dei funzionari abilitati allo svolgimento degli esami e delle operazioni tecniche\u201d.<\/p>\n\n\n\n<p>\u201cLa principale criticit\u00e0 riscontrata nell\u2019ultimo triennio, resa ancor pi\u00f9 evidente dall\u2019emergenza Covid riguarda i tempi di prenotazione delle revisioni dei mezzi pesanti presso la sede dell\u2019ufficio, che all\u2019inizio del 2023 ha superato i 18 mesi di attesa\u201d, conclude l\u2019assessore Moro. Com<\/p>\n","protected":false},"excerpt":{"rendered":"<p>Cagliari, 11 Magg 2023 \u2013\u00a0\u201cLa Motorizzazione civile della Sardegna, in particolare quella di Sassari, \u00e8 nel caos pi\u00f9 totale: gli uffici versano in una condizione&#8230;<\/p>\n","protected":false},"author":2,"featured_media":229791,"comment_status":"closed","ping_status":"open","sticky":false,"template":"","format":"standard","meta":[],"categories":[49,52],"tags":[],"_links":{"self":[{"href":"https:\/\/www.cronacaonline.it\/index.php\/wp-json\/wp\/v2\/posts\/235694"}],"collection":[{"href":"https:\/\/www.cronacaonline.it\/index.php\/wp-json\/wp\/v2\/posts"}],"about":[{"href":"https:\/\/www.cronacaonline.it\/index.php\/wp-json\/wp\/v2\/types\/post"}],"author":[{"embeddable":true,"href":"https:\/\/www.cronacaonline.it\/index.php\/wp-json\/wp\/v2\/users\/2"}],"replies":[{"embeddable":true,"href":"https:\/\/www.cronacaonline.it\/index.php\/wp-json\/wp\/v2\/comments?post=235694"}],"version-history":[{"count":1,"href":"https:\/\/www.cronacaonline.it\/index.php\/wp-json\/wp\/v2\/posts\/235694\/revisions"}],"predecessor-version":[{"id":235695,"href":"https:\/\/www.cronacaonline.it\/index.php\/wp-json\/wp\/v2\/posts\/235694\/revisions\/235695"}],"wp:featuredmedia":[{"embeddable":true,"href":"https:\/\/www.cronacaonline.it\/index.php\/wp-json\/wp\/v2\/media\/229791"}],"wp:attachment":[{"href":"https:\/\/www.cronacaonline.it\/index.php\/wp-json\/wp\/v2\/media?parent=235694"}],"wp:term":[{"taxonomy":"category","embeddable":true,"href":"https:\/\/www.cronacaonline.it\/index.php\/wp-json\/wp\/v2\/categories?post=235694"},{"taxonomy":"post_tag","embeddable":true,"href":"https:\/\/www.cronacaonline.it\/index.php\/wp-json\/wp\/v2\/tags?post=235694"}],"curies":[{"name":"wp","href":"https:\/\/api.w.org\/{rel}","templated":true}]}}