{"id":235630,"date":"2023-05-09T20:08:28","date_gmt":"2023-05-09T18:08:28","guid":{"rendered":"https:\/\/www.cronacaonline.it\/?p=235630"},"modified":"2023-05-09T20:08:31","modified_gmt":"2023-05-09T18:08:31","slug":"demanio-marittimo-il-ministro-pichetto-fratin-incontra-gli-assessori-salaris-porcu-e-pili","status":"publish","type":"post","link":"https:\/\/www.cronacaonline.it\/index.php\/2023\/05\/09\/demanio-marittimo-il-ministro-pichetto-fratin-incontra-gli-assessori-salaris-porcu-e-pili\/","title":{"rendered":"Demanio marittimo, il ministro Pichetto Fratin incontra gli assessori Salaris, Porcu e Pili."},"content":{"rendered":"\n<p>Roma, 9 Magg 2023 \u2013\u00a0Si \u00e8 svolto questo pomeriggio a Roma l\u2019incontro tra il Ministro dell\u2019Ambiente e della Sicurezza energetica, Gilberto Pichetto Fratin, e gli Assessori regionali degli Enti locali, Aldo Salaris, dell\u2019Ambiente, Marco Porcu e, in collegamento, dell\u2019Industria, Anita Pili.<\/p>\n\n\n\n<p>Richiesto dall\u2019Assessore Salaris, l\u2019incontro ha avuto come oggetto le decisioni del Governo sulla predisposizione dei piani di gestione dello spazio marittimo oltre le 12 miglia, in particolare sul settore delle energie rinnovabili. L\u2019Assessore Salaris ha chiesto al ministro che la Regione Sardegna venga ammessa ai tavoli che andranno a scrivere i regolamenti attuativi del piano di gestione dello spazio marittimo o il regolamento.<\/p>\n\n\n\n<p>\u201cChiediamo di sederci al tavolo sulla base delle competenze legislative esclusive e concorrenti riconosciute dallo Statuto \u2013 ha spiegato l\u2019Assessore Salaris \u2013 Riteniamo sia necessario fare in modo che lo sforzo richiesto alla nostra Isola sia proporzionato e coerente con gli obiettivi di interesse regionale e sostenibile da un punto di vista sociale, ambientale ed economico\u201d.<\/p>\n\n\n\n<p>Al centro dell\u2019incontro anche il tema delle aree idonee in relazione all\u2019installazione di impianti sulla terraferma. \u201cAbbiamo chiesto una data per fine maggio per poter discutere del decreto delle aree idonee poich\u00e9 vi \u00e8 la necessit\u00e0 di capire meglio sia sul fronte marittimo e sia sul fronte terrestre\u201d, ha spiegato l\u2019Assessore dell\u2019Industria, Anita Pili, anche Coordinatrice della Commissione energia della Conferenza delle Regioni, evidenziando le esigenze della Sardegna, pi\u00f9 volte avanzate nelle diverse sedi istituzionali, in primis appunto la necessit\u00e0 che si dia corso ai decreti sulle aree idonee per consentire appunto alle regioni di perimetrare e di scegliere i luoghi pi\u00f9 adatti ad accogliere gli impianti.<\/p>\n\n\n\n<p>Dello stesso avviso l\u2019Assessore dell\u2019Ambiente, Marco Porcu: \u201cCi troviamo a dover programmare senza il decreto sulle aree idonee di cui chiediamo chiarimenti sia in relazione ai tempi e sia, soprattutto, alle quote di produzione che ogni regione dovr\u00e0 adottare. Abbiamo aree con decine di progetti presentati ma non abbiamo la possibilit\u00e0 di autorizzare o meno proprio perch\u00e9 mancano i criteri da parte del Governo\u201d.<\/p>\n\n\n\n<p>Nel corso dell\u2019incontro il Ministro e i tecnici del Ministero hanno confermato la volont\u00e0 di accelerare quanto pi\u00f9 possibile per arrivare alla definizione di uno schema di decreto attuativo da portare in Conferenza delle Regioni. A questo proposito gi\u00e0 la prossima settimana \u00e8 fissato un incontro tra Ministeri. Red<\/p>\n","protected":false},"excerpt":{"rendered":"<p>Roma, 9 Magg 2023 \u2013\u00a0Si \u00e8 svolto questo pomeriggio a Roma l\u2019incontro tra il Ministro dell\u2019Ambiente e della Sicurezza energetica, Gilberto Pichetto Fratin, e gli&#8230;<\/p>\n","protected":false},"author":2,"featured_media":230443,"comment_status":"closed","ping_status":"open","sticky":false,"template":"","format":"standard","meta":[],"categories":[49,52],"tags":[],"_links":{"self":[{"href":"https:\/\/www.cronacaonline.it\/index.php\/wp-json\/wp\/v2\/posts\/235630"}],"collection":[{"href":"https:\/\/www.cronacaonline.it\/index.php\/wp-json\/wp\/v2\/posts"}],"about":[{"href":"https:\/\/www.cronacaonline.it\/index.php\/wp-json\/wp\/v2\/types\/post"}],"author":[{"embeddable":true,"href":"https:\/\/www.cronacaonline.it\/index.php\/wp-json\/wp\/v2\/users\/2"}],"replies":[{"embeddable":true,"href":"https:\/\/www.cronacaonline.it\/index.php\/wp-json\/wp\/v2\/comments?post=235630"}],"version-history":[{"count":1,"href":"https:\/\/www.cronacaonline.it\/index.php\/wp-json\/wp\/v2\/posts\/235630\/revisions"}],"predecessor-version":[{"id":235631,"href":"https:\/\/www.cronacaonline.it\/index.php\/wp-json\/wp\/v2\/posts\/235630\/revisions\/235631"}],"wp:featuredmedia":[{"embeddable":true,"href":"https:\/\/www.cronacaonline.it\/index.php\/wp-json\/wp\/v2\/media\/230443"}],"wp:attachment":[{"href":"https:\/\/www.cronacaonline.it\/index.php\/wp-json\/wp\/v2\/media?parent=235630"}],"wp:term":[{"taxonomy":"category","embeddable":true,"href":"https:\/\/www.cronacaonline.it\/index.php\/wp-json\/wp\/v2\/categories?post=235630"},{"taxonomy":"post_tag","embeddable":true,"href":"https:\/\/www.cronacaonline.it\/index.php\/wp-json\/wp\/v2\/tags?post=235630"}],"curies":[{"name":"wp","href":"https:\/\/api.w.org\/{rel}","templated":true}]}}