{"id":235620,"date":"2023-05-09T15:56:46","date_gmt":"2023-05-09T13:56:46","guid":{"rendered":"https:\/\/www.cronacaonline.it\/?p=235620"},"modified":"2023-05-09T15:56:49","modified_gmt":"2023-05-09T13:56:49","slug":"einstein-telescope-il-presidente-della-sardegna-lisola-sara-il-centro-mondiale-dellosservazione-delluniverso","status":"publish","type":"post","link":"https:\/\/www.cronacaonline.it\/index.php\/2023\/05\/09\/einstein-telescope-il-presidente-della-sardegna-lisola-sara-il-centro-mondiale-dellosservazione-delluniverso\/","title":{"rendered":"Einstein Telescope, il presidente della Sardegna: l\u2019Isola sar\u00e0 il centro mondiale dell\u2019osservazione dell\u2019universo."},"content":{"rendered":"\n<p>Cagliari, 9 Magg 2023 \u2013\u00a0La realizzazione dell'Einstein Telescope a Lula \u00e8 diventato obiettivo dell'Italia intera. Lo ha detto il Presidente della Regione Sardegna a margine del convegno svoltosi questa mattina a Cagliari, con la partecipazione del\u00a0Ministro dell\u2019Universit\u00e0 e della Ricerca, Anna Maria Bernini, del premio Nobel Giorgio Parisi, dei Rettori delle Universit\u00e0 di Cagliari e Sassari, di una vasta delegazione di scienziati.<\/p>\n\n\n\n<p>Tutti noi uniti, ha detto il Presidente, stiamo intensificando il nostro impegno, su tutti i livelli, da quello politico e istituzionale a quello scientifico, da quello nazionale a quello locale, per sostenere con forza e decisione la candidatura italiana, quindi il sito di Sos Enattos a Lula, ad ospitare l\u2019Einstein Telescope. Quella di oggi \u2013 prosegue \u2013 \u00e8 stata una tappa importante, verso il traguardo dell\u2019ambizioso progetto che tempo fa abbiamo deciso di sostenere con entusiasmo e lungimiranza e che, passo dopo passo, sentiamo sempre pi\u00f9 vicino.<\/p>\n\n\n\n<p>La pubblicazione della gara europea per la realizzazione dello studio di fattibilit\u00e0 tecnica ed economica della grande infrastruttura di Einstein Telescope ci proietta in una dimensione nuova, reale e concreta e pone le basi per la riuscita del progetto. Un progetto che, ha ribadito il Presidente, non potrebbe trovare luogo migliore: le caratteristiche della Sardegna rendono l\u2019Isola la regione ottimale per la realizzazione di ET e il sito di Lula, in particolare, la scelta migliore.<\/p>\n\n\n\n<p>Sono gli studi a dircelo, sono gli scienziati a rafforzare questa convinzione,&nbsp;e le analisi effettuate dai principali osservatori, tra cui gli esperti messi a disposizione dal Ministero, a confermarlo.<\/p>\n\n\n\n<p>La struttura geologica della Sardegna \u00e8 estremamente stabile e l\u2019attivit\u00e0 sismica locale \u00e8 pressoch\u00e9 inesistente; la roccia nella regione di Lula \u00e8 costituita principalmente da graniti molto duri e stabili, un'ottima base per la costruzione delle infrastrutture sotterranee che si aggiungeranno a quelle esistenti. La zona presenta anche una densit\u00e0 abitativa tra le pi\u00f9 basse d'Europa, promettendo un rumore antropico bassissimo.&nbsp;Caratteristiche straordinarie, condizioni ideali per ospitare il pi\u00f9 grande e sensibile telescopio di onde gravitazionali mai realizzato prima, in grado di aprire orizzonti completamente nuovi nell\u2019osservazione dell\u2019universo.<\/p>\n\n\n\n<p>La Giunta sarda ha creduto fin da subito nella grandezza di questo progetto, considerandolo strategico per l\u2019Italia e per l\u2019Europa, certamente, ma anche per lo sviluppo futuro della nostra Sardegna, per i suoi riflessi sul piano tecnologico e scientifico e per le ricadute, di carattere economico ed occupazionale, che la sua realizzazione potr\u00e0 generare.<\/p>\n\n\n\n<p>Decidendo di scommettere su questo grande investimento, che per i prossimi 30 anni&nbsp;avr\u00e0 l\u2019unicit\u00e0 di attrarre tutte le comunit\u00e0 scientifiche del mondo verso la Sardegna, abbiamo creato le condizioni per darci la pi\u00f9 formidabile e straordinaria chance di sviluppo. ET&nbsp;sar\u00e0 uno straordinario attrattore per una terra che in questi ultimi anni ha fatto dell\u2019alta tecnologia e del green i suoi cavalli di battaglia, per creare e rafforzare una nuova economia che vogliamo non pi\u00f9 soltanto turistica e industriale, legata all\u2018economia delle coste, ma che riuscir\u00e0 a restituire alle zone dell\u2019interno l\u2019immagine di un ecosistema favorevole per gli investimenti in termini di ricerca, innovazione, sviluppo.<\/p>\n\n\n\n<p>L\u2019impegno del Governo, la nomina del Professor Giorgio Parisi, Premio Nobel per la Fisica, alla guida del Comitato tecnico scientifico per la candidatura dell'Italia, cos\u00ec come l\u2019appoggio dell\u2019intera comunit\u00e0 scientifica, sono stati la migliore risposta al grande lavoro svolto in questi anni, ancora pi\u00f9 intenso e deciso nel corso di questi ultimi mesi, per portare a compimento questo ambizioso progetto che oggi sentiamo davvero a un passo da noi.<\/p>\n\n\n\n<p>Al Governo, che ci ha sostenuto con parole e fatti, che oggi diciamo grazie, ha proseguito il Presidente. Perch\u00e9 \u00e8 solo con l\u2019unit\u00e0 d\u2019intenti fino a ora dimostrata, con la decisione e la fermezza che ha contraddistinto ogni nostra azione, che riusciremo a portare a casa questa straordinaria vittoria, per il bene dell\u2019Italia intera. Com<\/p>\n","protected":false},"excerpt":{"rendered":"<p>Cagliari, 9 Magg 2023 \u2013\u00a0La realizzazione dell&#8217;Einstein Telescope a Lula \u00e8 diventato obiettivo dell&#8217;Italia intera. Lo ha detto il Presidente della Regione Sardegna a margine&#8230;<\/p>\n","protected":false},"author":2,"featured_media":233216,"comment_status":"closed","ping_status":"open","sticky":false,"template":"","format":"standard","meta":[],"categories":[49,52],"tags":[],"_links":{"self":[{"href":"https:\/\/www.cronacaonline.it\/index.php\/wp-json\/wp\/v2\/posts\/235620"}],"collection":[{"href":"https:\/\/www.cronacaonline.it\/index.php\/wp-json\/wp\/v2\/posts"}],"about":[{"href":"https:\/\/www.cronacaonline.it\/index.php\/wp-json\/wp\/v2\/types\/post"}],"author":[{"embeddable":true,"href":"https:\/\/www.cronacaonline.it\/index.php\/wp-json\/wp\/v2\/users\/2"}],"replies":[{"embeddable":true,"href":"https:\/\/www.cronacaonline.it\/index.php\/wp-json\/wp\/v2\/comments?post=235620"}],"version-history":[{"count":1,"href":"https:\/\/www.cronacaonline.it\/index.php\/wp-json\/wp\/v2\/posts\/235620\/revisions"}],"predecessor-version":[{"id":235621,"href":"https:\/\/www.cronacaonline.it\/index.php\/wp-json\/wp\/v2\/posts\/235620\/revisions\/235621"}],"wp:featuredmedia":[{"embeddable":true,"href":"https:\/\/www.cronacaonline.it\/index.php\/wp-json\/wp\/v2\/media\/233216"}],"wp:attachment":[{"href":"https:\/\/www.cronacaonline.it\/index.php\/wp-json\/wp\/v2\/media?parent=235620"}],"wp:term":[{"taxonomy":"category","embeddable":true,"href":"https:\/\/www.cronacaonline.it\/index.php\/wp-json\/wp\/v2\/categories?post=235620"},{"taxonomy":"post_tag","embeddable":true,"href":"https:\/\/www.cronacaonline.it\/index.php\/wp-json\/wp\/v2\/tags?post=235620"}],"curies":[{"name":"wp","href":"https:\/\/api.w.org\/{rel}","templated":true}]}}