{"id":235616,"date":"2023-05-09T15:01:40","date_gmt":"2023-05-09T13:01:40","guid":{"rendered":"https:\/\/www.cronacaonline.it\/?p=235616"},"modified":"2023-05-09T15:01:43","modified_gmt":"2023-05-09T13:01:43","slug":"spettacoli-assessore-biancareddu-destinati-contributi-a-favore-degli-organismi-di-spettacolo-dal-vivo-per-attivita-teatrali-musicali-e-di-danza","status":"publish","type":"post","link":"https:\/\/www.cronacaonline.it\/index.php\/2023\/05\/09\/spettacoli-assessore-biancareddu-destinati-contributi-a-favore-degli-organismi-di-spettacolo-dal-vivo-per-attivita-teatrali-musicali-e-di-danza\/","title":{"rendered":"Spettacoli &#8211; Assessore Biancareddu: destinati contributi a favore degli organismi di spettacolo dal vivo per attivit\u00e0 teatrali, musicali e di danza."},"content":{"rendered":"\n<p>Cagliari, 9\u00a0Magg 2023 -\u00a0Per lo svolgimento di attivit\u00e0 teatrali, musicali e di danza \u00e8 stato previsto, nel bilancio regionale 2023,\u00a0uno stanziamento complessivo di 9 milioni e 500 mila euro. Lo ha stabilito l\u2019assessore alla Cultura e Spettacolo, Andrea Biancareddu che riconosce alle attivit\u00e0 di spettacolo dal vivo, nelle sue diverse articolazioni di generi e di settori, un ruolo importante nella crescita culturale, nell\u2019integrazione sociale e nello sviluppo economico dell\u2019Isola con una innegabile incidenza del comparto spettacolo nel tessuto socio-economico regionale, anche in termini di ricaduta occupazionale.<\/p>\n\n\n\n<p>\u201cRicordo - dice ancora Biancareddu - che nel triennio 2020-2022, nella procedura per l\u2019assegnazione del contributo si \u00e8 dovuto tener conto dell\u2019emergenza pandemica causata dal virus Covid-19, in quanto, l\u2019attivit\u00e0 del comparto dello spettacolo dal vivo ha subito importanti limitazioni nella fruizione degli spettacoli da parte del pubblico. Attualmente, cessata la fase emergenziale, la situazione sanitaria consente di riprendere l\u2019attivit\u00e0 in sicurezza ed \u00e8 quindi opportuno riprendere il processo di assegnazione del contributo, come gi\u00e0 avveniva in passato, con l\u2019applicazione dei normali criteri.<\/p>\n\n\n\n<p>I soggetti ammissibili, i requisiti di accesso al contributo regionale, i requisiti di accesso alla premialit\u00e0, nonch\u00e9 alcuni aspetti concernenti le modalit\u00e0 di rendicontazione, sono stati oggetto di concertazione e di confronto nell\u2019incontro, svoltosi nella mattinata lo scorso mese di aprile nella Sala Anfiteatro a Cagliari, con rappresentanti degli organismi del comparto dello spettacolo dal vivo e sono stati elaborati, anche sulla base delle proposte pervenute i nuovi criteri di erogazione. I contributi da erogare agli organismi beneficiari saranno calcolati, in parte sulla base della media contributiva degli ultimi tre anni e in parte sulla base della \u201cpremialit\u00e0. Sino&nbsp;a 100 mila euro per gli Organismi di nuovo inserimento. Sino a 330 mila euro vengono destinati al finanziamento di progetti speciali derivanti dall\u2019adesione ad accordi per progetti speciali con il MIC, di cui sino a 100 mila euro per i progetti di residenze artistiche nei territori, 100 mila euro per il progetto New Italian Dance platform \u2013 NID 2023 e 130 mila euro per i progetti finanziati dal MiC per le figure dei Centri di produzione della danza&nbsp;\u201cPrime istanze triennali\u201d riconosciuti e finanziati dal MiC nell\u2019anno 2022.&nbsp;Per l\u2019attribuzione dei contributi per l\u2019attivit\u00e0 di spettacolo dal vivo per gli Organismi storici che partecipano all\u2019Avviso pubblico&nbsp;sono destinati oltre&nbsp;9 milioni di euro. Com<\/p>\n","protected":false},"excerpt":{"rendered":"<p>Cagliari, 9\u00a0Magg 2023 &#8211;\u00a0Per lo svolgimento di attivit\u00e0 teatrali, musicali e di danza \u00e8 stato previsto, nel bilancio regionale 2023,\u00a0uno stanziamento complessivo di 9 milioni&#8230;<\/p>\n","protected":false},"author":2,"featured_media":230442,"comment_status":"closed","ping_status":"open","sticky":false,"template":"","format":"standard","meta":[],"categories":[49,52],"tags":[],"_links":{"self":[{"href":"https:\/\/www.cronacaonline.it\/index.php\/wp-json\/wp\/v2\/posts\/235616"}],"collection":[{"href":"https:\/\/www.cronacaonline.it\/index.php\/wp-json\/wp\/v2\/posts"}],"about":[{"href":"https:\/\/www.cronacaonline.it\/index.php\/wp-json\/wp\/v2\/types\/post"}],"author":[{"embeddable":true,"href":"https:\/\/www.cronacaonline.it\/index.php\/wp-json\/wp\/v2\/users\/2"}],"replies":[{"embeddable":true,"href":"https:\/\/www.cronacaonline.it\/index.php\/wp-json\/wp\/v2\/comments?post=235616"}],"version-history":[{"count":1,"href":"https:\/\/www.cronacaonline.it\/index.php\/wp-json\/wp\/v2\/posts\/235616\/revisions"}],"predecessor-version":[{"id":235617,"href":"https:\/\/www.cronacaonline.it\/index.php\/wp-json\/wp\/v2\/posts\/235616\/revisions\/235617"}],"wp:featuredmedia":[{"embeddable":true,"href":"https:\/\/www.cronacaonline.it\/index.php\/wp-json\/wp\/v2\/media\/230442"}],"wp:attachment":[{"href":"https:\/\/www.cronacaonline.it\/index.php\/wp-json\/wp\/v2\/media?parent=235616"}],"wp:term":[{"taxonomy":"category","embeddable":true,"href":"https:\/\/www.cronacaonline.it\/index.php\/wp-json\/wp\/v2\/categories?post=235616"},{"taxonomy":"post_tag","embeddable":true,"href":"https:\/\/www.cronacaonline.it\/index.php\/wp-json\/wp\/v2\/tags?post=235616"}],"curies":[{"name":"wp","href":"https:\/\/api.w.org\/{rel}","templated":true}]}}