{"id":235572,"date":"2023-05-08T16:04:28","date_gmt":"2023-05-08T14:04:28","guid":{"rendered":"https:\/\/www.cronacaonline.it\/?p=235572"},"modified":"2023-05-08T16:04:32","modified_gmt":"2023-05-08T14:04:32","slug":"antincendio-assessore-porcu-approvate-prescrizioni-regionali","status":"publish","type":"post","link":"https:\/\/www.cronacaonline.it\/index.php\/2023\/05\/08\/antincendio-assessore-porcu-approvate-prescrizioni-regionali\/","title":{"rendered":"Antincendio, Assessore Porcu: approvate prescrizioni regionali."},"content":{"rendered":"\n<p>Cagliari,\u00a08 Magg 2023\u00a0\u2013 \u201cCome ogni anno, con la consueta e necessaria tempestivit\u00e0, riprende l\u2019azione della Regione Sardegna per la Campagna Antincendio. Il \u2018Piano regionale di previsione, prevenzione e lotta attiva contro gli incendi boschivi\u2019 individua le prescrizioni dirette a contrastare le azioni che possono determinare l'innesco di incendi e a disciplinare l'uso del fuoco. L\u2019organizzazione regionale, grazie alla competenza, all\u2019impegno e alla dedizione di donne e uomini della Protezione civile, del Corpo forestale, dell\u2019agenzia Forestas, dei Vigili del fuoco, delle Compagnie barracellari e del mondo del volontariato di protezione civile, \u00e8 mobilitata con l\u2019importante obiettivo della conservazione dell\u2019ambiente e della difesa dagli incendi del patrimonio boschivo, considerato un bene insostituibile per la qualit\u00e0 della vita. Garantendo anche la sicurezza dei sardi e del territorio\u201d. Lo ha detto l'assessore regionale della Difesa dell'ambiente, con delega alla protezione civile, Marco Porcu, dopo l\u2019approvazione, da parte della Giunta regionale, delle prescrizioni regionali antincendio.<br>\u201cLa loro approvazione consente l\u2019immediata applicazione e l'avvio di un'adeguata e capillare campagna di informazione e di sensibilizzazione rivolta alla popolazione e ai soggetti interessati \u2013 ha aggiunto l\u2019assessore Porcu \u2013 Le attivit\u00e0 di prevenzione degli incendi e lo sviluppo di una coscienza ambientale, anche attraverso la divulgazione delle prescrizioni ad enti locali, scuole, associazioni di categoria, strutture turistico-ricettive, porti, aeroporti, sono due chiavi fondamentali della lotta antincendio. Inoltre, a breve, la Protezione civile regionale e il Corpo forestale organizzeranno almeno quattro incontri territoriali, aperti ai sindaci e ai tecnici comunali, per illustrare i contenuti delle prescrizioni regionali\u201d.<br>\u201cCome lo scorso anno \u2013 ha evidenziato l\u2019Assessore dell\u2019Ambiente \u2013 \u00e8 stata confermata un'unica severa sanzione (da 5.000 a 50.000 euro) per le trasgressioni ai divieti relativi agli obblighi derivanti dagli adempimenti previsti dalle prescrizioni, la cui inottemperanza pu\u00f2 determinare, anche potenzialmente, l'innesco di incendio, e l\u2019emissione, a partire dal 15 maggio, del bollettino di previsione di pericolo, che garantisce quotidianamente la definizione in maniera univoca di un livello di allerta al raggiungimento di una specifica pericolosit\u00e0 nell\u2019ambito delle 25 \u2018zone\u2019 in cui \u00e8 stato suddiviso il territorio regionale. Il controllo delle misure preventive, dei divieti e delle attivit\u00e0 da autorizzare \u00e8 demandato sempre al Corpo forestale, mentre per Forestas, fatta salva la prioritaria attivit\u00e0 di prevenzione nei perimetri amministrati, \u00e8 stato deciso che contribuisca alle attivit\u00e0 di prevenzione nel territorio demaniale regionale e dei Comuni, secondo un progetto finalizzato alla riduzione del rischio incendi\u201d.<br>\u201cAi Comuni, provvisti del \u2018Piano comunale di protezione civile per il rischio incendi di interfaccia\u2019 e nei quali abbia sede un\u2019organizzazione di volontariato regolarmente iscritta all\u2019elenco regionale, \u00e8 garantita la possibilit\u00e0 di utilizzare uomini e mezzi dell\u2019organizzazione per le attivit\u00e0 di prevenzione. Analogo discorso per le Compagnie barracellari. Infine, nei prossimi giorni, verr\u00e0 stipulata la consueta convenzione con il Corpo nazionale dei Vigili del fuoco che definisce le procedure operative interforze, il coordinamento nelle attivit\u00e0 di spegnimento degli incendi boschivi e rurali e il potenziamento delle sedi istituzionali del Corpo\u201d, ha concluso l\u2019assessore Porcu. Com<\/p>\n","protected":false},"excerpt":{"rendered":"<p>Cagliari,\u00a08 Magg 2023\u00a0\u2013 \u201cCome ogni anno, con la consueta e necessaria tempestivit\u00e0, riprende l\u2019azione della Regione Sardegna per la Campagna Antincendio. Il \u2018Piano regionale di&#8230;<\/p>\n","protected":false},"author":2,"featured_media":234804,"comment_status":"closed","ping_status":"open","sticky":false,"template":"","format":"standard","meta":[],"categories":[49,52],"tags":[],"_links":{"self":[{"href":"https:\/\/www.cronacaonline.it\/index.php\/wp-json\/wp\/v2\/posts\/235572"}],"collection":[{"href":"https:\/\/www.cronacaonline.it\/index.php\/wp-json\/wp\/v2\/posts"}],"about":[{"href":"https:\/\/www.cronacaonline.it\/index.php\/wp-json\/wp\/v2\/types\/post"}],"author":[{"embeddable":true,"href":"https:\/\/www.cronacaonline.it\/index.php\/wp-json\/wp\/v2\/users\/2"}],"replies":[{"embeddable":true,"href":"https:\/\/www.cronacaonline.it\/index.php\/wp-json\/wp\/v2\/comments?post=235572"}],"version-history":[{"count":1,"href":"https:\/\/www.cronacaonline.it\/index.php\/wp-json\/wp\/v2\/posts\/235572\/revisions"}],"predecessor-version":[{"id":235573,"href":"https:\/\/www.cronacaonline.it\/index.php\/wp-json\/wp\/v2\/posts\/235572\/revisions\/235573"}],"wp:featuredmedia":[{"embeddable":true,"href":"https:\/\/www.cronacaonline.it\/index.php\/wp-json\/wp\/v2\/media\/234804"}],"wp:attachment":[{"href":"https:\/\/www.cronacaonline.it\/index.php\/wp-json\/wp\/v2\/media?parent=235572"}],"wp:term":[{"taxonomy":"category","embeddable":true,"href":"https:\/\/www.cronacaonline.it\/index.php\/wp-json\/wp\/v2\/categories?post=235572"},{"taxonomy":"post_tag","embeddable":true,"href":"https:\/\/www.cronacaonline.it\/index.php\/wp-json\/wp\/v2\/tags?post=235572"}],"curies":[{"name":"wp","href":"https:\/\/api.w.org\/{rel}","templated":true}]}}