{"id":235570,"date":"2023-05-08T15:42:17","date_gmt":"2023-05-08T13:42:17","guid":{"rendered":"https:\/\/www.cronacaonline.it\/?p=235570"},"modified":"2023-05-08T15:42:20","modified_gmt":"2023-05-08T13:42:20","slug":"cooperazione-assessore-lai-tre-comuni-sardi-si-aggiudicano-il-bando-partenariati-territoriali-per-lo-sviluppo-sostenibile-in-senegal","status":"publish","type":"post","link":"https:\/\/www.cronacaonline.it\/index.php\/2023\/05\/08\/cooperazione-assessore-lai-tre-comuni-sardi-si-aggiudicano-il-bando-partenariati-territoriali-per-lo-sviluppo-sostenibile-in-senegal\/","title":{"rendered":"Cooperazione, Assessore Lai: tre comuni sardi si aggiudicano il bando \u201cpartenariati territoriali per lo sviluppo sostenibile in Senegal."},"content":{"rendered":"\n<p>Cagliari, 8 Magg 2023 \u2013\u00a0Tre comuni sardi, Oristano, Osilo e Olbia (in partenariato con Collegno) si sono aggiudicati il finanziamento di progetti di cooperazione allo sviluppo decentrata in Senegal. Sono stati, infatti, pubblicati i risultati del Bando \u201cPartenariati territoriali per lo sviluppo sostenibile in Senegal\u201d, promosso in partenariato dalle Regioni Sardegna e Piemonte, nell\u2019ambito del Progetto \u201cReti al lavoro - Percorsi in Comune per giovani e donne in Senegal\u201d, cofinanziato dall'Agenzia Italiana Cooperazione allo Sviluppo (AICS) e sostenuto dalla Fondazione Compagnia di San Paolo. I comuni piemontesi sono invece: Baldichieri d'Asti, Bra, Nichelino, Orbassano, Pino Torinese, Rivalta di Torino, Vigone. Il progetto, di cui la Regione Piemonte \u00e8 capofila, coinvolge numerosi partner, tra cui istituzioni locali in Italia e in Senegal, oltre a enti e associazioni del terzo settore.<\/p>\n\n\n\n<p>\u201cProsegue la cooperazione con il Senegal - afferma l\u2019assessore del Lavoro e della Cooperazione, Ada Lai - Un\u2019azione di scambio, attraverso un partenariato solido con la Regione Piemonte, per promuovere lo sviluppo locale sostenibile - supportando&nbsp;le autorit\u00e0 locali senegalesi a migliorare le condizioni di vita delle popolazioni locali, in particolar modo dei giovani e delle donne. \u00c8 importante - osserva l\u2019assessore - non solo sostenere&nbsp;progetti di aiuto e di assistenza, ma anche continuare a favorire il dialogo e le relazioni tra le comunit\u00e0 partner, piemontesi, sarde e senegalesi, attraverso la stipula di nuovi accordi di collaborazione, per migliorare la reciproca percezione dei territori e una&nbsp;maggiore conoscenza delle realt\u00e0 nelle quali si originano i flussi migratori. La Comunit\u00e0 senegalese, infatti, \u00e8 come grandezza, la nona in Italia, e la prima in Sardegna\u201d.&nbsp;Com<\/p>\n","protected":false},"excerpt":{"rendered":"<p>Cagliari, 8 Magg 2023 \u2013\u00a0Tre comuni sardi, Oristano, Osilo e Olbia (in partenariato con Collegno) si sono aggiudicati il finanziamento di progetti di cooperazione allo&#8230;<\/p>\n","protected":false},"author":2,"featured_media":233551,"comment_status":"closed","ping_status":"open","sticky":false,"template":"","format":"standard","meta":[],"categories":[49,52],"tags":[],"_links":{"self":[{"href":"https:\/\/www.cronacaonline.it\/index.php\/wp-json\/wp\/v2\/posts\/235570"}],"collection":[{"href":"https:\/\/www.cronacaonline.it\/index.php\/wp-json\/wp\/v2\/posts"}],"about":[{"href":"https:\/\/www.cronacaonline.it\/index.php\/wp-json\/wp\/v2\/types\/post"}],"author":[{"embeddable":true,"href":"https:\/\/www.cronacaonline.it\/index.php\/wp-json\/wp\/v2\/users\/2"}],"replies":[{"embeddable":true,"href":"https:\/\/www.cronacaonline.it\/index.php\/wp-json\/wp\/v2\/comments?post=235570"}],"version-history":[{"count":1,"href":"https:\/\/www.cronacaonline.it\/index.php\/wp-json\/wp\/v2\/posts\/235570\/revisions"}],"predecessor-version":[{"id":235571,"href":"https:\/\/www.cronacaonline.it\/index.php\/wp-json\/wp\/v2\/posts\/235570\/revisions\/235571"}],"wp:featuredmedia":[{"embeddable":true,"href":"https:\/\/www.cronacaonline.it\/index.php\/wp-json\/wp\/v2\/media\/233551"}],"wp:attachment":[{"href":"https:\/\/www.cronacaonline.it\/index.php\/wp-json\/wp\/v2\/media?parent=235570"}],"wp:term":[{"taxonomy":"category","embeddable":true,"href":"https:\/\/www.cronacaonline.it\/index.php\/wp-json\/wp\/v2\/categories?post=235570"},{"taxonomy":"post_tag","embeddable":true,"href":"https:\/\/www.cronacaonline.it\/index.php\/wp-json\/wp\/v2\/tags?post=235570"}],"curies":[{"name":"wp","href":"https:\/\/api.w.org\/{rel}","templated":true}]}}