{"id":235511,"date":"2023-05-06T10:30:46","date_gmt":"2023-05-06T08:30:46","guid":{"rendered":"https:\/\/www.cronacaonline.it\/?p=235511"},"modified":"2023-05-06T10:30:50","modified_gmt":"2023-05-06T08:30:50","slug":"intesa-regione-carabinieri-lassessore-saiu-incontra-il-generale-gargaro-impegno-per-rafforzare-la-presenza-dellarma-sul-territorio-a-beneficio-dei-cittadini","status":"publish","type":"post","link":"https:\/\/www.cronacaonline.it\/index.php\/2023\/05\/06\/intesa-regione-carabinieri-lassessore-saiu-incontra-il-generale-gargaro-impegno-per-rafforzare-la-presenza-dellarma-sul-territorio-a-beneficio-dei-cittadini\/","title":{"rendered":"Intesa Regione-Carabinieri, l\u2019assessore Saiu incontra il Generale Gargaro: \u201cimpegno per rafforzare la presenza dell\u2019arma sul territorio a beneficio dei cittadini\u201d."},"content":{"rendered":"\n<p>Cagliari, 6 Magg 2023\u00a0\u2013 L\u2019assessore regionale dei Lavori Pubblici, Pierluigi Saiu, ha incontrato il Comandante della Legione Sardegna, il Generale Francesco Gargaro, per fare il punto sugli interventi finanziati dalla Regione per la riqualificazione e la manutenzione delle caserme, per la realizzazione di nuovi edifici e per l\u2019adeguamento di immobili da destinare all\u2019Arma su tutto il territorio regionale. Le risorse, complessivamente 12 milioni di euro, sono state destinate alla realizzazione di ventiquattro interventi, cos\u00ec come previsto nella delibera approvata ad aprile dalla stessa Giunta sulla base del protocollo d\u2019intesa sottoscritto con l\u2019Arma dei Carabinieri.<\/p>\n\n\n\n<p>\u201cLa Regione \u2013 dichiara l\u2019assessore Saiu \u2013 ha programmato gli interventi sulle caserme con risorse proprie, allo scopo di agevolare e rafforzare la presenza dei Carabinieri nell\u2019Isola, riconoscendo all\u2019Arma un\u2019indispensabile funzione in termini di garanzia della sicurezza, di vicinanza ai cittadini ma anche di presidio in chiave anti spopolamento, in quanto punto di riferimento per le comunit\u00e0 del nostro territorio\u201d.<\/p>\n\n\n\n<p>\u201cAbbiamo preso un impegno preciso, fortemente voluto dal Presidente della Sardegna \u2013 sottolinea l\u2019assessore Saiu \u2013 e questo nuovo incontro ci ha dato l\u2019opportunit\u00e0 di tracciare un quadro generale su quanto messo in campo finora. Parliamo di opere di interesse regionale. In alcuni casi i soggetti attuatori degli interventi saranno gli stessi Comuni in cui sono ubicati gli edifici, in altri casi gli interventi saranno realizzati da Opere e infrastrutture della Sardegna, societ\u00e0 interna della Regione in capo allo stesso assessorato dei Lavori pubblici. Ma ci\u00f2 che conta di pi\u00f9 \u00e8 che a beneficiare di tutto questo saranno soprattutto i cittadini, che in Sardegna continueranno a trovare nell\u2019Arma un presidio fondamentale per la sicurezza, con una presenza pi\u00f9 forte&nbsp;sui&nbsp;territori\u201d.&nbsp;Com<\/p>\n","protected":false},"excerpt":{"rendered":"<p>Cagliari, 6 Magg 2023\u00a0\u2013 L\u2019assessore regionale dei Lavori Pubblici, Pierluigi Saiu, ha incontrato il Comandante della Legione Sardegna, il Generale Francesco Gargaro, per fare il&#8230;<\/p>\n","protected":false},"author":2,"featured_media":235512,"comment_status":"closed","ping_status":"open","sticky":false,"template":"","format":"standard","meta":[],"categories":[49,52],"tags":[],"_links":{"self":[{"href":"https:\/\/www.cronacaonline.it\/index.php\/wp-json\/wp\/v2\/posts\/235511"}],"collection":[{"href":"https:\/\/www.cronacaonline.it\/index.php\/wp-json\/wp\/v2\/posts"}],"about":[{"href":"https:\/\/www.cronacaonline.it\/index.php\/wp-json\/wp\/v2\/types\/post"}],"author":[{"embeddable":true,"href":"https:\/\/www.cronacaonline.it\/index.php\/wp-json\/wp\/v2\/users\/2"}],"replies":[{"embeddable":true,"href":"https:\/\/www.cronacaonline.it\/index.php\/wp-json\/wp\/v2\/comments?post=235511"}],"version-history":[{"count":1,"href":"https:\/\/www.cronacaonline.it\/index.php\/wp-json\/wp\/v2\/posts\/235511\/revisions"}],"predecessor-version":[{"id":235513,"href":"https:\/\/www.cronacaonline.it\/index.php\/wp-json\/wp\/v2\/posts\/235511\/revisions\/235513"}],"wp:featuredmedia":[{"embeddable":true,"href":"https:\/\/www.cronacaonline.it\/index.php\/wp-json\/wp\/v2\/media\/235512"}],"wp:attachment":[{"href":"https:\/\/www.cronacaonline.it\/index.php\/wp-json\/wp\/v2\/media?parent=235511"}],"wp:term":[{"taxonomy":"category","embeddable":true,"href":"https:\/\/www.cronacaonline.it\/index.php\/wp-json\/wp\/v2\/categories?post=235511"},{"taxonomy":"post_tag","embeddable":true,"href":"https:\/\/www.cronacaonline.it\/index.php\/wp-json\/wp\/v2\/tags?post=235511"}],"curies":[{"name":"wp","href":"https:\/\/api.w.org\/{rel}","templated":true}]}}