{"id":235491,"date":"2023-05-05T15:51:11","date_gmt":"2023-05-05T13:51:11","guid":{"rendered":"https:\/\/www.cronacaonline.it\/?p=235491"},"modified":"2023-05-05T15:51:13","modified_gmt":"2023-05-05T13:51:13","slug":"scuola-assessore-biancareddu-scrive-dura-lettera-di-protesta-al-ministro-valditara-contro-il-nuovo-dimensionamento-scolastico-introdotto-dallultima-legge-di-bilancio-la-sardegna-perderebbe","status":"publish","type":"post","link":"https:\/\/www.cronacaonline.it\/index.php\/2023\/05\/05\/scuola-assessore-biancareddu-scrive-dura-lettera-di-protesta-al-ministro-valditara-contro-il-nuovo-dimensionamento-scolastico-introdotto-dallultima-legge-di-bilancio-la-sardegna-perderebbe\/","title":{"rendered":"Scuola: assessore Biancareddu scrive dura lettera di protesta al ministro Valditara contro il nuovo dimensionamento scolastico introdotto dall\u2019ultima legge di bilancio. La Sardegna perderebbe oltre 40 istituzioni."},"content":{"rendered":"\n<p>Cagliari, 5 Magg 2023 \u2013\u00a0Dura presa di posizione dell\u2019assessore alla Pubblica Istruzione, Andrea Biancareddu, contro la possibile riduzione delle Autonomie Scolastiche che comporterebbe per la Sardegna un taglio di oltre 40 Istituzioni. Con una lettera inviata al Ministro dell\u2019Istruzione, Giuseppe Valditara, l\u2019esponente della Giunta Solinas, esprime tutta la sua contrariet\u00e0 e preoccupazione in merito al dimensionamento scolastico.<\/p>\n\n\n\n<p>\u201cSono molto preoccupato - ha detto Andrea Biancareddu \u2013 ed ho raccolto anche le forti perplessit\u00e0 che arrivano da tutti gli interessati al sistema scuola in Sardegna. Come Regioni abbiamo appena ricevuto lo schema di decreto che sar\u00e0 oggetto di confronto in sede di Conferenza Unificata\u201d.<\/p>\n\n\n\n<p>\u201cHo illustrato al Ministro Valditara le gravi conseguenze che l\u2019applicazione del disposto normativo introdotto dall\u2019ultima Legge di Bilancio potr\u00e0 avere per la nostra Regione. Lo schema che ci \u00e8 stato inoltrato, rende infatti esplicito l\u2019obiettivo previsto dalla legge di procedere ad una riduzione delle Autonomie scolastiche che, comporterebbe per la Sardegna un taglio di oltre 40 Istituzioni. Sono consapevole - ha proseguito Biancareddu nella lettera inviata -&nbsp;&nbsp;che il forte calo demografico scolastico a livello nazionale imponga una riflessione sull\u2019organizzazione della Scuola, tuttavia ritengo che la risposta delle Istituzioni debba essere volta comunque a garantire il rispetto dei principi costituzionali di eguaglianza e di diritto allo studio, che evidentemente non possono essere perseguiti attraverso una riduzione drastica delle Autonomie.\u201d<\/p>\n\n\n\n<p>L\u2019applicazione del disposto normativo, pur consentendo alle Regioni di procedere in piena autonomia ad una programmazione, a livello locale, adeguata alle esigenze del territorio, di fatto ne rende impossibile l\u2019effettiva attuazione, poich\u00e9 il contingente di organico che dovrebbe essere assegnato sarebbe di gran lunga inferiore a quelle che sono le effettive esigenze del territorio regionale Sardo.<\/p>\n\n\n\n<p>\u201cLa nostra Regione, come noto, \u00e8 caratterizzata da una bassissima densit\u00e0 abitativa, da una conformazione morfologica e orografica tale da rendere difficile l\u2019accessibilit\u00e0 di gran parte del territorio regionale nonch\u00e9 da una inadeguatezza delle infrastrutture stradali e ferroviarie che rende molto difficile la mobilit\u00e0 interna.<\/p>\n\n\n\n<p>L'obiettivo primario \u00e8 quello di garantire il diritto allo studio sancito dalla Carta Costituzionale, tenendo conto in particolare della collocazione geografica o del grado di disagio di una specifica area. \u201c<\/p>\n\n\n\n<p>\u201cIl mio obiettivo come Assessore della Pubblica istruzione continua ad essere quello di mettere in primo piano gli studenti e le loro famiglie al fine di garantire un\u2019istruzione inclusiva e adeguata al contesto in cui vivono, in particolare mi riferisco alle zone interne e pi\u00f9 disagiate e a rischio spopolamento. Inoltre mi permetto di sottolineare come l\u2019obiettivo prioritario del Piano Nazionale di Riforma e Resilienza \u00e8 quello di contrastare la dispersione scolastica. Ma questo meritevole obiettivo, non pu\u00f2 essere sicuramente perseguito attraverso la riduzione del numero delle Autonomie Scolastiche, in particolare in Regioni come la Sardegna, dove sono numerose le Istituzioni scolastiche presenti in Comuni Montani o in aree geograficamente isolate. In queste aree, in particolare, un eventuale accorpamento di Autonomie pregiudicherebbe la possibilit\u00e0 di offrire un servizio scolastico efficiente e funzionale alle esigenze del territorio.\u201d<\/p>\n\n\n\n<p>\u201cRibadisco - ha concluso Biancareddu nella nota ufficiale inviata all\u2019esponente del Governo Meloni,&nbsp;che non possa essere lasciato alla Regione il doloroso compito di adottare un atto di programmazione che comporter\u00e0 di fatto solo tagli delle Autonomie scolastiche attualmente esistenti. Per questo, relativamente alla programmazione 2024\/2025, dico sin da subito che mi sar\u00e0 impossibile adottare un provvedimento di definizione della rete scolastica conforme alle prescrizioni statali. Com<\/p>\n","protected":false},"excerpt":{"rendered":"<p>Cagliari, 5 Magg 2023 \u2013\u00a0Dura presa di posizione dell\u2019assessore alla Pubblica Istruzione, Andrea Biancareddu, contro la possibile riduzione delle Autonomie Scolastiche che comporterebbe per la&#8230;<\/p>\n","protected":false},"author":2,"featured_media":230442,"comment_status":"closed","ping_status":"open","sticky":false,"template":"","format":"standard","meta":[],"categories":[49,52],"tags":[],"_links":{"self":[{"href":"https:\/\/www.cronacaonline.it\/index.php\/wp-json\/wp\/v2\/posts\/235491"}],"collection":[{"href":"https:\/\/www.cronacaonline.it\/index.php\/wp-json\/wp\/v2\/posts"}],"about":[{"href":"https:\/\/www.cronacaonline.it\/index.php\/wp-json\/wp\/v2\/types\/post"}],"author":[{"embeddable":true,"href":"https:\/\/www.cronacaonline.it\/index.php\/wp-json\/wp\/v2\/users\/2"}],"replies":[{"embeddable":true,"href":"https:\/\/www.cronacaonline.it\/index.php\/wp-json\/wp\/v2\/comments?post=235491"}],"version-history":[{"count":1,"href":"https:\/\/www.cronacaonline.it\/index.php\/wp-json\/wp\/v2\/posts\/235491\/revisions"}],"predecessor-version":[{"id":235492,"href":"https:\/\/www.cronacaonline.it\/index.php\/wp-json\/wp\/v2\/posts\/235491\/revisions\/235492"}],"wp:featuredmedia":[{"embeddable":true,"href":"https:\/\/www.cronacaonline.it\/index.php\/wp-json\/wp\/v2\/media\/230442"}],"wp:attachment":[{"href":"https:\/\/www.cronacaonline.it\/index.php\/wp-json\/wp\/v2\/media?parent=235491"}],"wp:term":[{"taxonomy":"category","embeddable":true,"href":"https:\/\/www.cronacaonline.it\/index.php\/wp-json\/wp\/v2\/categories?post=235491"},{"taxonomy":"post_tag","embeddable":true,"href":"https:\/\/www.cronacaonline.it\/index.php\/wp-json\/wp\/v2\/tags?post=235491"}],"curies":[{"name":"wp","href":"https:\/\/api.w.org\/{rel}","templated":true}]}}