{"id":235446,"date":"2023-05-04T12:05:54","date_gmt":"2023-05-04T10:05:54","guid":{"rendered":"https:\/\/www.cronacaonline.it\/?p=235446"},"modified":"2023-05-04T12:05:56","modified_gmt":"2023-05-04T10:05:56","slug":"ambiente-assessore-porcu-un-milione-300mila-euro-per-progetti-di-cura-e-valorizzazione-dei-beni-comuni","status":"publish","type":"post","link":"https:\/\/www.cronacaonline.it\/index.php\/2023\/05\/04\/ambiente-assessore-porcu-un-milione-300mila-euro-per-progetti-di-cura-e-valorizzazione-dei-beni-comuni\/","title":{"rendered":"Ambiente, Assessore Porcu: un milione 300mila euro per progetti di cura e valorizzazione dei beni comuni."},"content":{"rendered":"\n<p>Cagliari, 4 Magg 2023\u00a0\u2013 \u201cIl tema della gestione sostenibile dei beni comuni, attraverso processi e metodologie partecipative, \u00e8 previsto nella Strategia regionale per lo Sviluppo sostenibile (SrSvS), approvata nel 2021 dalla Giunta regionale, e punta al coinvolgimento delle popolazioni locali nelle scelte di programmazione e pianificazione\u201d, Lo ha detto l\u2019assessore regionale della Difesa dell\u2019ambiente, Marco Porcu, annunciando un bando per finanziare progetti finalizzati alla cura e alla valorizzazione di beni comuni. Il finanziamento di un milione 300mila euro \u00e8 destinato agli enti pubblici titolari di Ceas (Centro di Educazione all'Ambiente e alla Sostenibilit\u00e0), accreditati e non accreditati. L\u2019importo massimo che pu\u00f2 essere assegnato a ciascun progetto \u00e8 di 40mila euro e pu\u00f2 coprire fino al 100% dei costi ammissibili.<\/p>\n\n\n\n<p>\u201cIl modello \u00e8 stato gi\u00e0 sperimentato positivamente con il bando del 2020 e prevede azioni finalizzate a dare impulso all\u2019adozione di regolamenti comunali e patti di collaborazione per la gestione dei beni comuni \u2013 ha aggiunto l\u2019assessore Porcu \u2013 Le esperienze di gestione collaborativa, che vedono i cittadini in un ruolo da protagonisti, in affiancamento all'Amministrazione pubblica, rappresentano una realt\u00e0 emergente e positiva. Tante Amministrazioni, in questi anni, hanno dovuto fornire risposte concrete a proposte che richiedono nuove soluzioni, anche sotto il profilo amministrativo, cogliendo l'opportunit\u00e0 di stimolare, animare e orientare questi processi. Risultato che pu\u00f2 essere raggiunto proprio attraverso i Ceas\u201d.<\/p>\n\n\n\n<p>\u201cI progetti, da realizzare con il coinvolgimento di cittadini, studenti e altri portatori d\u2019interesse, sono finalizzati a valorizzare e promuovere aree degradate o in stato di semi abbandono del territorio, come luoghi simbolo della realt\u00e0 comunale urbana ed extra urbana. Le iniziative dovranno avere un elevato carattere dimostrativo ed educativo, sensibilizzando i soggetti coinvolti verso maggiore responsabilit\u00e0 e impegno nella tutela del bene comune\u201d, ha concluso l\u2019Assessore dell\u2019Ambiente.<\/p>\n\n\n\n<p>Le domande dovranno pervenire entro le 24 del 15 giugno 2023 e le attivit\u00e0 del progetto dovranno essere avviate entro 20 giorni dal ricevimento della comunicazione regionale di impegno delle risorse assegnate. Com<\/p>\n","protected":false},"excerpt":{"rendered":"<p>Cagliari, 4 Magg 2023\u00a0\u2013 \u201cIl tema della gestione sostenibile dei beni comuni, attraverso processi e metodologie partecipative, \u00e8 previsto nella Strategia regionale per lo Sviluppo&#8230;<\/p>\n","protected":false},"author":2,"featured_media":230444,"comment_status":"closed","ping_status":"open","sticky":false,"template":"","format":"standard","meta":[],"categories":[49,52],"tags":[],"_links":{"self":[{"href":"https:\/\/www.cronacaonline.it\/index.php\/wp-json\/wp\/v2\/posts\/235446"}],"collection":[{"href":"https:\/\/www.cronacaonline.it\/index.php\/wp-json\/wp\/v2\/posts"}],"about":[{"href":"https:\/\/www.cronacaonline.it\/index.php\/wp-json\/wp\/v2\/types\/post"}],"author":[{"embeddable":true,"href":"https:\/\/www.cronacaonline.it\/index.php\/wp-json\/wp\/v2\/users\/2"}],"replies":[{"embeddable":true,"href":"https:\/\/www.cronacaonline.it\/index.php\/wp-json\/wp\/v2\/comments?post=235446"}],"version-history":[{"count":1,"href":"https:\/\/www.cronacaonline.it\/index.php\/wp-json\/wp\/v2\/posts\/235446\/revisions"}],"predecessor-version":[{"id":235447,"href":"https:\/\/www.cronacaonline.it\/index.php\/wp-json\/wp\/v2\/posts\/235446\/revisions\/235447"}],"wp:featuredmedia":[{"embeddable":true,"href":"https:\/\/www.cronacaonline.it\/index.php\/wp-json\/wp\/v2\/media\/230444"}],"wp:attachment":[{"href":"https:\/\/www.cronacaonline.it\/index.php\/wp-json\/wp\/v2\/media?parent=235446"}],"wp:term":[{"taxonomy":"category","embeddable":true,"href":"https:\/\/www.cronacaonline.it\/index.php\/wp-json\/wp\/v2\/categories?post=235446"},{"taxonomy":"post_tag","embeddable":true,"href":"https:\/\/www.cronacaonline.it\/index.php\/wp-json\/wp\/v2\/tags?post=235446"}],"curies":[{"name":"wp","href":"https:\/\/api.w.org\/{rel}","templated":true}]}}