{"id":235409,"date":"2023-05-03T14:56:15","date_gmt":"2023-05-03T12:56:15","guid":{"rendered":"https:\/\/www.cronacaonline.it\/?p=235409"},"modified":"2023-05-03T14:56:18","modified_gmt":"2023-05-03T12:56:18","slug":"consiglio-sardegna-approvata-la-proposta-di-legge-378-ennas-e-piu-disposizioni-urgenti-in-materia-di-assistenza-primaria-i-lavori-del-consiglio-riprenderanno-alle-16","status":"publish","type":"post","link":"https:\/\/www.cronacaonline.it\/index.php\/2023\/05\/03\/consiglio-sardegna-approvata-la-proposta-di-legge-378-ennas-e-piu-disposizioni-urgenti-in-materia-di-assistenza-primaria-i-lavori-del-consiglio-riprenderanno-alle-16\/","title":{"rendered":"Consiglio Sardegna &#8211; Approvata la proposta di legge 378 (Ennas e pi\u00f9) \u201cDisposizioni urgenti in materia di assistenza primaria. I lavori del Consiglio riprenderanno alle 16."},"content":{"rendered":"\n<p>Cagliari, 3 Magg 2023 \u2013 La seduta del consiglio regionale della Sardegna questa mattina \u00e8 stata aperta dal presidente Michele Pais che dopo le formalit\u00e0 di rito ha comunicato che, in base alle decisioni della conferenza dei capigruppo, l\u2019ordine del giorno sar\u00e0 invertito collocando al primo punto la nuova legge sulla medicina di base n.378, con la corsia preferenziale dell\u2019art.103.<\/p>\n\n\n\n<p>Prima della discussione, prendendo la parola sull\u2019ordine dei lavori, il consigliere Stefano Tunis (Misto) \u00e8 tornato sul tema degli attentati agli amministratori locali dopo il recente attentato al Sindaco di Serdiana Maurizio Cuccu. Tunis ha consegnato alla Presidenza un suo documento con proposte operative in materia di status degli amministratori.<\/p>\n\n\n\n<p>Il presidente, rispettando un impegno assunto nella precedente, ha ricordato l\u2019invio di una lettera al Ministro dell\u2019Interno Matteo Piantedosi per invitarlo ad una visita in Sardegna, accompagnata da adeguate misure di potenziamento degli organici e degli strumenti di intervento delle Forze dell\u2019ordine. Nel report aggiornato del Viminale, ha concluso, la Sardegna \u00e8 fa parte purtroppo fra le 10 Regioni nelle quali si verifica il maggior numero di attentati contro gli amministratori: un dato che non ci fa onore, anche se la nostra \u00e8 una delle poche Regioni nelle quali sono previste con una legge forme di risarcimento.<\/p>\n\n\n\n<p>Il consigliere di Fdi Fausto Piga ha invitato tutti i consiglieri a partecipare sabato alle 17.00 a Serdiana alla seduta congiunta dei consigli comunali del Parteolla e del Basso Campidano per parlare dell\u2019argomento.<\/p>\n\n\n\n<p>Il consigliere sardista Domenico Gallus ha invece sollevato il problema della violenta aggressione subita da un medico di Ittiri, sollecitando un dibattito che porti a risposte concrete.<\/p>\n\n\n\n<p>Il presidente ha osservato che nel nuovo testo pu\u00f2 essere inserita una norma per la tutela del personale sanitario.<\/p>\n\n\n\n<p>Aprendo la discussione il consigliere Daniele Cocco (Alleanza Europa Verde) ha espresso la sua posizione favorevole, mantenendo per\u00f2 alcune riserve sulla possibile impugnazione perch\u00e9 la legge incide su contratto nazionale medici; inoltre, ha aggiunto, occorre riprendere una legge, presentata dalle opposizioni nel giugno del 2022, sull\u2019istituzione dell\u2019infermiere di famiglia, figura necessaria proprio per sollevare i medici da una serie di attivit\u00e0 collaterali, sia infermieristiche che amministrative.<\/p>\n\n\n\n<p>Desir\u00e8 Manca (M5S) ha parlato di argomento importante ma a suo avviso non \u00e8 questo il modo per intervenire, cos\u00ec serve solo a mascherare l\u2019incapacit\u00e0 della maggioranza, una ennesima \u201cpezza\u201d, perch\u00e9 casomai prima bisognava chiudere l\u2019accordo contrattuale con i medici. La Manca ha annunciato l\u2019astensione del suo gruppo.<\/p>\n\n\n\n<p>Marco Tedde (Forza Italia) ha sostenuto che si tratta di una norma responsabile con contributo condiviso, ed \u00e8 l\u2019unica strada percorribile perch\u00e9 l\u2019accordo non si poteva chiudere in tempi utili. Teoricamente, ha proseguito, \u00e8 vero che potrebbe essere impugnata ed arrivare alla Corte Costituzionale ma comunque si colmer\u00e0 una voragine, attraverso uno strumento utile per stimolare medici di famiglia ad arrivare a 1800 dove possibile; magari, ha suggerito, si pu\u00f2 cambiare il comma 3 fissando il limite minimo di 1500 pazienti\/medico a fronte del massimo di 1800.<\/p>\n\n\n\n<p>Giovanni Satta (Psd\u2019Az) ha sottolineato che purtroppo la situazione della sanit\u00e0 sarda dimostra che la quella della Regione \u00e8 una autonomia \u00e8 incompiuta perch\u00e9 pur pagando tutta la sanit\u00e0 siamo sempre a rischio. Circa un anno fa, ha ricordato, insieme ad Elena Fancello, avevano chiesto la convocazione straordinaria del Consiglio assieme a parlamentari e categorie mediche proprio su questo problemi: diciamo \u201cno\u201d alle cure concentrate a Cagliari e Sassari con i nostri paesi deserti, e con i nostri studenti che per superare il numero chiuso vanno all\u2019estero.<\/p>\n\n\n\n<p>Il presidente ha assicurato che terr\u00e0 conto di tutte le segnalazioni utili, alcune delle quali saranno sottoposte anche al Ministro Calderoli.<\/p>\n\n\n\n<p>Il capogruppo dei Progressisti Francesco Agus ha dichiarato che la legge \u00e8 una specie di \u201cyogurt\u201d con la data di scadenza perch\u00e9 incide sulla contrattazione, e molti precedenti non sono incoraggianti, come \u00e8 accaduto sulla vicenda delle indennit\u00e0 di risultato, bocciate in riferimento alla Sardegna ed ammesse invece in regioni ordinarie come il Veneto.<\/p>\n\n\n\n<p>Quindi ha assunto la presidenza dell\u2019Assemblea il vice Giovanni Antonio Satta.<\/p>\n\n\n\n<p>Franco Mula (Psd\u2019Az) ha invitato le opposizioni a votare a favore, anche perch\u00e9 ci sono gi\u00e0 zone si opera in deroga arrivando ad un tetto di 1800 pazienti, mentre sull\u2019infermiere di famiglia c\u2019\u00e8 un vecchio problema aperto dal 2014 per la figura degli assistenti di studio e della loro retribuzione.<\/p>\n\n\n\n<p>Alessandro Solinas (M5S) ha affermato che la minoranza non ha mai sottovalutato l\u2019argomento, piuttosto \u00e8 la maggioranza che sta squalificando per l\u2019ennesima volta il Consiglio regionale, rincorrendo emergenze ma dimenticando l\u2019incapacit\u00e0 di governo e la superficialit\u00e0 imbarazzante da cui derivano buona parte delle impugnazioni.<\/p>\n\n\n\n<p>Il capogruppo della Lega Michele Ennas ha detto che quella in discussione \u00e8 una legge giusta da approvare il prima possibile perch\u00e9 \u00e8 necessario operare secondo realt\u00e0, tenendo conto che le sedi carenti in Sardegna sono 33, mentre nel solo Sulcis operano 17 medici sui 28 in organico.<\/p>\n\n\n\n<p>Domenico Gallus (Psd\u2019Az) ha individuato nella legge una risposta necessaria anche se parziale, positiva inoltre la disponibilit\u00e0 delle opposizioni, segno di una consapevolezza comune che consente di rispondere alle attese di molte comunit\u00e0.<\/p>\n\n\n\n<p>Pietro Moro (Udc-Sardegna al centro) non si \u00e8 definito contrario al nuovo tetto di 1800 pazienti per i medici di base, per\u00f2 occorre tenere conto della situazione reale ed il lavoro dei medici \u00e8 soffocato da una burocrazia intrecciata con le inefficienze degli ospedali, soprattutto a danno delle zone svantaggiate, anche a causa della attuale situazione degli ambiti territoriali nei quali sono presenti guardie mediche e poliambulatori.<\/p>\n\n\n\n<p>Il capogruppo dei Riformatori Annalisa Mele Moro ha condiviso i contenuti di, soprattutto per quanto riguarda la burocrazia, che richiede anche adempimenti che riguardano le Rsa e le comunit\u00e0 alloggio, e spesso ritarda come nel caso del Cup che a volte fornisce risposte non professionali, sbagliate o incomplete. La 378, ha concluso, \u00e8 frutto di tanto lavoro sulla medicina di base ed \u00e8 giusta.<\/p>\n\n\n\n<p>\u00c8 poi intervenuto Fausto Piga (Fratelli d\u2019Italia) che ha detto che questa legge \u00e8 l\u2019ennesimo sforzo per provare a tamponare la carenza di medici.&nbsp; Siamo di fronte a un\u2019emergenza, che riguarda non solo la Sardegna ma tutta Italia, che va affrontato&nbsp;con un intervento straordinario.&nbsp; Il vero problema \u00e8 che sul mercato del lavoro manca la figura del medico.<\/p>\n\n\n\n<p>Per Gianfranco Ganau (Pd) \u00e8 una legge importante che&nbsp; prova a tamponare una situazione emergenziale. Per questo \u2013 ha detto - abbiamo consentito che questa legge arrivasse in Aula, ma il nostro voto sar\u00e0 di astensione. Il capogruppo del Pd \u00e8 stato molto critico sulla legge che \u201cinterviene su regole contrattuali\u201d&nbsp;\u00e8 a \u201cgrande rischio impugnazione\u201d ed \u00e8 frutto di un \u201cmodo di legiferare inaccettabile\u201d.<\/p>\n\n\n\n<p>Dopo Ganau ha preso la parola Deriu (Pd), che ha detto: \u201cVi invito al buon costume dell\u2019ipocrisia, dite che questa legge non \u00e8 incostituzionale e la approvate. Non potete dire che \u00e8 costituzionalmente illegittima e approvarla. Non mi considerate, lasciatemi perdere, sono di un altro mondo\u201d.<\/p>\n\n\n\n<p>Per l\u2019assessore Doria \u00e8 necessario precisare che \u201csiamo in presenza di un accordo integrativo regionale del 2010 e due mesi fa ho aperto il tavolo per il rinnovo dell\u2019accordo e la sua rinegoziazione. Oggi abbiamo 1150 medici di medicina generale e solo 5 anni fa erano 1500, con un carico di lavoro evidentemente aumentato, non di poco, oltre che un aggravio di burocrazia. Siamo tutti chiamati qui a un atto di responsabilit\u00e0 che dobbiamo condividere\u201d.<\/p>\n\n\n\n<p>L\u2019Aula \u00e8 poi passata all\u2019esame degli articoli e agli emendamenti agli articoli. L\u2019articolo 1 \u00e8 stato approvato, con immediata entrata in vigore della legge. Dai banchi dell\u2019opposizione sono intervenuti i consiglieri Cocco (Rosso Verdi), Zedda (Progressisti) che hanno annunciato l\u2019astensione. Per la Lega l\u2019on. Ennas ha detto che \u201ca tutti i cittadini vanno garantiti uguali diritti e dunque sono sincero quando dico che \u00e8 doveroso approvare questa legge\u201d.<\/p>\n\n\n\n<p>Il provvedimento intitolato \u201cDisposizioni urgenti in materia di assistenza primaria\u201d \u00e8 stato poi approvato con presenti 47 votanti 29 favorevoli 18 astenuti.<\/p>\n\n\n\n<p>A seguire sull\u2019ordine dei lavori l\u2019on. Eugenio Lai (Rosso Verdi) ha chiesto al presidente Pais come intende programmare il proseguo della seduta. Il presidente Pais ha comunicato che i lavori proseguiranno sino alle 14 e poi riprenderanno nel primo pomeriggio a un orario ancora da comunicare.<\/p>\n\n\n\n<p>Per il capogruppo del Progressisti, Francesco Agus, ha ribadito la necessit\u00e0 della presenza in Aula del presidente della Regione, il rappresentante legale delle azionista Regione nelle societ\u00e0 di gestione aeroportuali.<\/p>\n\n\n\n<p>A seguire ha preso la parola l\u2019assessore Antonio Moro, per la relazione. L\u2019assessore ha letto una nota inviata dai legali F2I poche ore fa, in cui la societ\u00e0 per il tramite di un suo avvocato londinese diffida l\u2019assessore e il Consiglio regionale da azioni diffamatorie nei suoi confronti, anche a nome dei fondi di investimento e dei loro interessi. \u201cRitengo sia un atto grave e deve essere chiaro che un assessore della Giunta e i rappresentanti del popolo sardo devono avere il diritto di discutere degli interessi dei sardi, soprattutto quando gli interessi del popolo possono come in questo caso confliggere con quelli legittimi di imprenditori privati. Certo, in questa vicenda ci sono elementi complessi ma la realt\u00e0 dei fatti \u00e8 abbastanza chiara per una politica che pone al centro gli interessi dei sardi e il loro diritto alla mobilit\u00e0 e alla libert\u00e0, ancora di pi\u00f9 ora che il diritto all\u2019insularit\u00e0 \u00e8 riconosciuto in Costituzione\u201d.<\/p>\n\n\n\n<p>Per l\u2019assessore Moro \u201cla Sardegna \u00e8 un continente disconnesso legato al mondo dagli aeroporti di Cagliari, Olbia e Alghero. Il fondo privato ha come scopo massimizzare i profitti e distribuirli agli investitori. Una missione opposta rispetto agli interessi dei sardi e alla nostra economia\u201d.<\/p>\n\n\n\n<p>L\u2019esponente della Giunta sarda ha parlato poi di \u201ccarenza di comunicazione da parte dei consiglio di amministrazione di Olbia e Alghero, che hanno deliberato il progetto di fusione per incorporazione senza che questo sia mai stata oggetto di confronto con la Regione. E che dunque l\u2019assessorato non poteva sapere nulla, visto che la Regione \u00e8 stata informata due ore prima che si votasse. Un\u2019operazione che se dovesse concretizzarsi porterebbe Regione e Sfirs ad avere meno del tre per cento delle azioni della nuova societ\u00e0 Aeroporti Nord Sardegna. Cio\u00e8 molto lontana dal dieci per cento, il minimo per garantire alla Regione il diritto di convocare l\u2019assemblea dei soci\u201d.<\/p>\n\n\n\n<p>Non solo: l\u2019assessore Moro ha comunicato che \u201cil cda Sogeal \u00e8 stato appena convocato per determinare il valore in caso di liquidazione delle quote di chi non aderir\u00e0 alla nuova societ\u00e0 Aeroporti Nord Sardegna. Ma noi affermiamo invece&nbsp;che siamo pronti all\u2019acquisto delle quote di F2 Liganzia nella societ\u00e0 Segal, perch\u00e9 tornino nella propriet\u00e0 della Regione e dunque in mano pubblica. Segnalo anche che i nostri interrogativi hanno portato Enac a disporre approfondimenti istruttori a seguito della nostra nota del 19 aprile\u201d.<\/p>\n\n\n\n<p>Non si conoscono invece i programmi di F2I Ligantia \u201cper la guida di tutti gli aeroporti sardi, compreso quello di Cagliari che a tutti gli effetti potrebbe essere privatizzato. Cagliari Elmas rappresenta il 50 per cento del traffico sardo e nulla presuppone che una rete aeroportuale coincida con una sola propriet\u00e0 degli aeroporti sardi. Mai si \u00e8 pensato di consegnare a un fondo di investimento le chiavi di accesso dell\u2019Isola e noi non consentiremo di compromettere irreversibilmente le politiche pubbliche. Ribadisco che siamo contrari alla privatizzazione della Sogaer e alla fusione della Sogeal in Geasar: siamo invece impegnati a garantire anche in futuro il diritto alla mobilit\u00e0 dei sardi perch\u00e9 il nostro faro \u00e8 l\u2019interesse pubblico e soltanto quello\u201d. Il presidente Pais \u00e8 quindi intervenuto e ha sottolineato che \u201cnon deve essere consentito a nessuno di diffidare il Consiglio regionale dall\u2019esercizio dei sui diritti e delle sue prerogative\u201d. La seduta \u00e8 stata chiusa. I lavori riprenderanno alle 16. Com<\/p>\n","protected":false},"excerpt":{"rendered":"<p>Cagliari, 3 Magg 2023 \u2013 La seduta del consiglio regionale della Sardegna questa mattina \u00e8 stata aperta dal presidente Michele Pais che dopo le formalit\u00e0&#8230;<\/p>\n","protected":false},"author":2,"featured_media":191710,"comment_status":"closed","ping_status":"open","sticky":false,"template":"","format":"standard","meta":[],"categories":[49,52],"tags":[],"_links":{"self":[{"href":"https:\/\/www.cronacaonline.it\/index.php\/wp-json\/wp\/v2\/posts\/235409"}],"collection":[{"href":"https:\/\/www.cronacaonline.it\/index.php\/wp-json\/wp\/v2\/posts"}],"about":[{"href":"https:\/\/www.cronacaonline.it\/index.php\/wp-json\/wp\/v2\/types\/post"}],"author":[{"embeddable":true,"href":"https:\/\/www.cronacaonline.it\/index.php\/wp-json\/wp\/v2\/users\/2"}],"replies":[{"embeddable":true,"href":"https:\/\/www.cronacaonline.it\/index.php\/wp-json\/wp\/v2\/comments?post=235409"}],"version-history":[{"count":1,"href":"https:\/\/www.cronacaonline.it\/index.php\/wp-json\/wp\/v2\/posts\/235409\/revisions"}],"predecessor-version":[{"id":235410,"href":"https:\/\/www.cronacaonline.it\/index.php\/wp-json\/wp\/v2\/posts\/235409\/revisions\/235410"}],"wp:featuredmedia":[{"embeddable":true,"href":"https:\/\/www.cronacaonline.it\/index.php\/wp-json\/wp\/v2\/media\/191710"}],"wp:attachment":[{"href":"https:\/\/www.cronacaonline.it\/index.php\/wp-json\/wp\/v2\/media?parent=235409"}],"wp:term":[{"taxonomy":"category","embeddable":true,"href":"https:\/\/www.cronacaonline.it\/index.php\/wp-json\/wp\/v2\/categories?post=235409"},{"taxonomy":"post_tag","embeddable":true,"href":"https:\/\/www.cronacaonline.it\/index.php\/wp-json\/wp\/v2\/tags?post=235409"}],"curies":[{"name":"wp","href":"https:\/\/api.w.org\/{rel}","templated":true}]}}