{"id":235407,"date":"2023-05-03T14:43:47","date_gmt":"2023-05-03T12:43:47","guid":{"rendered":"https:\/\/www.cronacaonline.it\/?p=235407"},"modified":"2023-05-03T14:43:50","modified_gmt":"2023-05-03T12:43:50","slug":"medicina-generale-assessore-doria-approvata-la-legge-per-laumento-del-massimale-su-base-volontaria-fino-a-1-800-pazienti","status":"publish","type":"post","link":"https:\/\/www.cronacaonline.it\/index.php\/2023\/05\/03\/medicina-generale-assessore-doria-approvata-la-legge-per-laumento-del-massimale-su-base-volontaria-fino-a-1-800-pazienti\/","title":{"rendered":"Medicina generale: Assessore Doria, approvata la legge per l\u2019aumento del massimale su base volontaria fino a 1.800 pazienti."},"content":{"rendered":"\n<p>Cagliari, 3 Magg 2023\u00a0\u2013 La Regione ha autorizzato l\u2019innalzamento del massimale fino al limite di 1.800 pazienti, su base volontaria, per i medici di medicina generale che operano in aree disagiate nelle quali l\u2019incremento \u00e8 reso necessario per garantire l\u2019assistenza ai cittadini. L\u2019incremento, gi\u00e0 contemplato nell\u2019ultimo Accordo collettivo nazionale (ACN) della medicina generale del 2022, che per la sua applicazione rimanda a specifici nuovi accordi integrativi regionali, \u00e8 contenuto in un provvedimento di legge approvato oggi dal Consiglio regionale nelle more del nuovo Accordo integrativo regionale (AIR) attualmente in fase di negoziazione al tavolo sindacale.<\/p>\n\n\n\n<p>La proposta di legge regionale licenziata stabilisce, inoltre, la ripartizione di 10 milioni di euro gi\u00e0 stanziati nell\u2019ultima Finanziaria regionale, destinando il 70% dei fondi all\u2019integrazione del finanziamento dell\u2019AIR di cui alla deliberazione della Giunta Regionale n. 19\/9 del 12 maggio 2010 (e successive modifiche) e&nbsp;&nbsp;il 30% alle Asl per la realizzazione di progetti d\u2019assistenza primaria e continuit\u00e0 assistenziale finalizzati a garantire uniformit\u00e0 nei livelli essenziali d\u2019assistenza su tutto il territorio.<\/p>\n\n\n\n<p>Nella disposizione \u00e8 stata definita anche l\u2019operativit\u00e0 degli infermieri di famiglia negli ambulatori dei medici di medicina generale per ridurre il carico di lavoro specie di quelli massimalisti.<\/p>\n\n\n\n<p>\u201cUn provvedimento importante \u2013 dichiara l\u2019assessore regionale della Sanit\u00e0, Carlo Doria, per dare una risposta immediata ai cittadini che vivono in quegli ambiti in cui si registra una forte carenza e garantire cos\u00ec il diritto alla salute richiamato dall\u2019articolo 32 della Costituzione. Attualmente stiamo lavorando per chiudere con i medici un accordo integrativo regionale che manca dal 2010. Fare tutto ci\u00f2 che \u00e8 in nostro potere per garantire ai cittadini il medico di medicina generale \u00e8 un atto di responsabilit\u00e0 che dovrebbe trovare tutti d\u2019accordo\u201d.<\/p>\n\n\n\n<p>\u201cPer fare fronte all\u2019emergenza dovuta a una carenza che pesa in modo particolare sulle sedi periferiche, dove pi\u00f9 si fatica a trovare medici disposti a ricoprire incarichi \u2013 prosegue l\u2019assessore \u2013 abbiamo messo e stiamo mettendo in campo ogni strumento a nostra disposizione, come, ad esempio, gli incentivi economici per chi sceglie di aprire il proprio ambulatorio in una sede disagiata. Gi\u00e0 in diverse aree dell\u2019Isola si \u00e8 fatto ricorso all\u2019aumento del massimale a 1.800 pazienti per la sola durata di sei mesi. Oggi sono circa un centinaio i medici che lavorano con un numero di pazienti superiore a 1.500. Con questo provvedimento di legge, nelle more dell\u2019approvazione del nuovo AIR, viene assicurata la possibilit\u00e0 ai medici di superare il massimale l\u00e0 dove \u00e8 necessario per garantire l\u2019assistenza ai cittadini\u201d.<\/p>\n\n\n\n<p>Non secondario il riferimento normativo agli infermieri di famiglia, introdotto con la condivisione di tutta l\u2019Aula: \u201cOggi abbiamo 1.150 medici di medicina generale titolari di sede, solo cinque anni fa erano 1.500. Il carico di lavoro \u00e8 aumentato, cos\u00ec come la burocrazia. Anche questo aspetto trover\u00e0 risposte nel nuovo AIR, ma \u00e8 importante fin da adesso definire un quadro attraverso il quale i medici possano trovare sostegno nella loro attivit\u00e0\u201d, conclude l\u2019assessore Doria. Com<\/p>\n","protected":false},"excerpt":{"rendered":"<p>Cagliari, 3 Magg 2023\u00a0\u2013 La Regione ha autorizzato l\u2019innalzamento del massimale fino al limite di 1.800 pazienti, su base volontaria, per i medici di medicina&#8230;<\/p>\n","protected":false},"author":2,"featured_media":229794,"comment_status":"closed","ping_status":"open","sticky":false,"template":"","format":"standard","meta":[],"categories":[49,52],"tags":[],"_links":{"self":[{"href":"https:\/\/www.cronacaonline.it\/index.php\/wp-json\/wp\/v2\/posts\/235407"}],"collection":[{"href":"https:\/\/www.cronacaonline.it\/index.php\/wp-json\/wp\/v2\/posts"}],"about":[{"href":"https:\/\/www.cronacaonline.it\/index.php\/wp-json\/wp\/v2\/types\/post"}],"author":[{"embeddable":true,"href":"https:\/\/www.cronacaonline.it\/index.php\/wp-json\/wp\/v2\/users\/2"}],"replies":[{"embeddable":true,"href":"https:\/\/www.cronacaonline.it\/index.php\/wp-json\/wp\/v2\/comments?post=235407"}],"version-history":[{"count":1,"href":"https:\/\/www.cronacaonline.it\/index.php\/wp-json\/wp\/v2\/posts\/235407\/revisions"}],"predecessor-version":[{"id":235408,"href":"https:\/\/www.cronacaonline.it\/index.php\/wp-json\/wp\/v2\/posts\/235407\/revisions\/235408"}],"wp:featuredmedia":[{"embeddable":true,"href":"https:\/\/www.cronacaonline.it\/index.php\/wp-json\/wp\/v2\/media\/229794"}],"wp:attachment":[{"href":"https:\/\/www.cronacaonline.it\/index.php\/wp-json\/wp\/v2\/media?parent=235407"}],"wp:term":[{"taxonomy":"category","embeddable":true,"href":"https:\/\/www.cronacaonline.it\/index.php\/wp-json\/wp\/v2\/categories?post=235407"},{"taxonomy":"post_tag","embeddable":true,"href":"https:\/\/www.cronacaonline.it\/index.php\/wp-json\/wp\/v2\/tags?post=235407"}],"curies":[{"name":"wp","href":"https:\/\/api.w.org\/{rel}","templated":true}]}}