{"id":235392,"date":"2023-05-03T12:28:48","date_gmt":"2023-05-03T10:28:48","guid":{"rendered":"https:\/\/www.cronacaonline.it\/?p=235392"},"modified":"2023-05-03T12:28:51","modified_gmt":"2023-05-03T10:28:51","slug":"presentato-oggi-a-sassari-programma-formazione-delle-compagnie-barracellari-della-sardegna-assessore-degli-enti-locali-aldo-salaris","status":"publish","type":"post","link":"https:\/\/www.cronacaonline.it\/index.php\/2023\/05\/03\/presentato-oggi-a-sassari-programma-formazione-delle-compagnie-barracellari-della-sardegna-assessore-degli-enti-locali-aldo-salaris\/","title":{"rendered":"Presentato oggi a Sassari programma formazione delle compagnie barracellari della Sardegna: Assessore degli Enti locali, Aldo Salaris."},"content":{"rendered":"\n<p>Sassari, 3 Magg 2023 \u2013\u00a0Per la prima volta la Regione punta sulla formazione delle compagnie barracellari della Sardegna. \u00c8 stato presentato oggi a Sassari dall\u2019Assessore degli Enti locali, Aldo Salaris, il programma di formazione che, in collaborazione con l\u2019Anci, interesser\u00e0 i componenti di tutte le compagnie sarde, 170 in totale.\u00a0<\/p>\n\n\n\n<p>\u201cLa Regione ha sostenuto i barracelli aumentando le risorse in campo e ora continua a farlo investendo nella formazione con 14 corsi importanti per i barracelli stessi ma anche per la nostra Sardegna, che tutti abbiamo il dovere di proteggere e tutelare. \u00c8 la prima volta che la Regione finanzia la formazione di coloro che operano sul campo, con una iniziativa organizzata in maniera capillare e divisa per territori\u201d.<\/p>\n\n\n\n<p>Lo ha detto l\u2019Assessore Salaris esortando i barracelli a partecipare ai corsi e parlando di un\u2019attivit\u00e0 importante perch\u00e9, ha proseguito l\u2019esponente della Giunta sarda, \u201cla formazione di chi sta sul campo per la salvaguardia e il presidio dei territori, anche in periodi delicati come l\u2019estate, \u00e8 una priorit\u00e0 che necessit\u00e0 di&nbsp;conoscenza e competenza\u201d.<\/p>\n\n\n\n<p>I destinatari dei corsi sono circa 5mila barracelli in tutta l\u2019Isola. Si tratta, nello specifico, di 14 seminari formativi della durata di 90 minuti ciascuno per 21 ore di formazione complessive (a questo corso di formazione base seguir\u00e0 quello specifico per i Capitani e gli ufficiali e per i segretari delle compagnie). \u201cLa Regione vuole un corpo barracellare ancor pi\u00f9 competente e robusto\u201d, ha precisato l\u2019assessore Salaris richiamando ancora una volta l\u2019attenzione sull\u2019importante ruolo svolto oggi dalle compagnie barracellari, a presidio e salvaguardia dei territorio. L\u2019appuntamento di oggi a Sassari ha interessato tutte le compagnie del Nord Sardegna, seguir\u00e0 la presentazione dello stesso programma a Tramatza il 5 maggio per le compagnie della provincia di Oristano e Nuoro e poi a Selargius, l\u20198 di maggio, per le compagnie del Sud Sardegna.<\/p>\n\n\n\n<p>L\u2019Assessorato degli Enti locali ha gi\u00e0 recepito le proposte arrivate dalle compagnie su richiesta dell\u2019Assessore Salaris che due mesi ha incontrato i rappresentanti delle Associazioni dei barracelli sardi ed \u00e8 al lavoro sulla revisione della legge dell\u201988 che disciplina proprio l\u2019organizzazione e il funzionamento delle compagnie barracellari, in vigore da 35 anni e ormai obsoleta.<\/p>\n\n\n\n<p>Infine, conclude la nota dell\u2019Assessore Salaris, con l\u2019ultima Finanziaria, \u00e8 stato autorizzato per ciascuno degli anni 2023, 2024 e 2025 l\u2019incremento delle risorse pari a 550mila euro per l\u2019organizzazione e il funzionamento delle compagnie (1 milione e 650mila euro in totale). I fondi vanno ad aggiungersi a quelli gi\u00e0 stanziati dalla Giunta regionale, che per l\u2019anno in corso aveva gi\u00e0 previsto 4.550.000. Le risorse complessive per il 2023 ammontano quindi a oltre 5 milioni di euro. Red<\/p>\n","protected":false},"excerpt":{"rendered":"<p>Sassari, 3 Magg 2023 \u2013\u00a0Per la prima volta la Regione punta sulla formazione delle compagnie barracellari della Sardegna. \u00c8 stato presentato oggi a Sassari dall\u2019Assessore&#8230;<\/p>\n","protected":false},"author":2,"featured_media":235393,"comment_status":"closed","ping_status":"open","sticky":false,"template":"","format":"standard","meta":[],"categories":[49,52],"tags":[],"_links":{"self":[{"href":"https:\/\/www.cronacaonline.it\/index.php\/wp-json\/wp\/v2\/posts\/235392"}],"collection":[{"href":"https:\/\/www.cronacaonline.it\/index.php\/wp-json\/wp\/v2\/posts"}],"about":[{"href":"https:\/\/www.cronacaonline.it\/index.php\/wp-json\/wp\/v2\/types\/post"}],"author":[{"embeddable":true,"href":"https:\/\/www.cronacaonline.it\/index.php\/wp-json\/wp\/v2\/users\/2"}],"replies":[{"embeddable":true,"href":"https:\/\/www.cronacaonline.it\/index.php\/wp-json\/wp\/v2\/comments?post=235392"}],"version-history":[{"count":1,"href":"https:\/\/www.cronacaonline.it\/index.php\/wp-json\/wp\/v2\/posts\/235392\/revisions"}],"predecessor-version":[{"id":235394,"href":"https:\/\/www.cronacaonline.it\/index.php\/wp-json\/wp\/v2\/posts\/235392\/revisions\/235394"}],"wp:featuredmedia":[{"embeddable":true,"href":"https:\/\/www.cronacaonline.it\/index.php\/wp-json\/wp\/v2\/media\/235393"}],"wp:attachment":[{"href":"https:\/\/www.cronacaonline.it\/index.php\/wp-json\/wp\/v2\/media?parent=235392"}],"wp:term":[{"taxonomy":"category","embeddable":true,"href":"https:\/\/www.cronacaonline.it\/index.php\/wp-json\/wp\/v2\/categories?post=235392"},{"taxonomy":"post_tag","embeddable":true,"href":"https:\/\/www.cronacaonline.it\/index.php\/wp-json\/wp\/v2\/tags?post=235392"}],"curies":[{"name":"wp","href":"https:\/\/api.w.org\/{rel}","templated":true}]}}