{"id":235317,"date":"2023-05-01T10:06:58","date_gmt":"2023-05-01T08:06:58","guid":{"rendered":"https:\/\/www.cronacaonline.it\/?p=235317"},"modified":"2023-05-01T10:07:01","modified_gmt":"2023-05-01T08:07:01","slug":"primo-maggio-lassessore-lai-lavoro-principio-e-diritto-costituzionale-presupposto-per-costruire-il-proprio-progetto-di-vita","status":"publish","type":"post","link":"https:\/\/www.cronacaonline.it\/index.php\/2023\/05\/01\/primo-maggio-lassessore-lai-lavoro-principio-e-diritto-costituzionale-presupposto-per-costruire-il-proprio-progetto-di-vita\/","title":{"rendered":"Primo maggio, l\u2019assessore Lai: \u201clavoro principio e diritto costituzionale, presupposto per costruire il proprio progetto di vita\u201d."},"content":{"rendered":"\n<p>Cagliari, 1 Magg 2023\u00a0- \u201cL'Italia \u00e8 una Repubblica democratica, fondata sul lavoro, recita il primo articolo della nostra Costituzione. Un principio fondante, un diritto costituzionale per la dignit\u00e0 delle persone, ma soprattutto un monito per le istituzioni, che ogni giorno sono chiamate a promuove le condizioni che rendano effettivo questo diritto. Perch\u00e9 il lavoro \u00e8 il motore della crescita, il presupposto per costruire il proprio progetto di vita\u201d. Queste le parole dell\u2019assessore regionale del Lavoro, Ada Lai, nel giorno della Festa del Lavoro.<\/p>\n\n\n\n<p>\u201cOggi \u00e8 il primo maggio, la Festa nazionale del Lavoro - afferma Lai - ma perch\u00e9 sia davvero una festa, occorre che tutti e tutte abbiano l\u2019opportunit\u00e0 e la soddisfazione di essere indipendenti economicamente e realizzati anche nella vita lavorativa, per sentirsi protagonisti nella propria terra. Dobbiamo garantire la sicurezza nei luoghi di lavoro, estirpare la piaga del precariato, che impedisce ai giovani di programmare il loro futuro e di farsi una famiglia, costruire una societ\u00e0 pi\u00f9 inclusiva per pervenire il disagio sociale e continuare a contrastare la disoccupazione. Gli indicatori economici - sottolinea l\u2019assessore - ci dicono che l\u2019economia \u00e8 in ripresa, le opportunit\u00e0 di lavoro ci sono anche nell\u2019isola, ma la domanda deve incontrare l\u2019offerta, le persone devono essere formate per entrare a pieno titolo nel mercato del lavoro. Un pensiero a tutti i lavoratori e a tutte le lavoratrici e a quelle persone che sono alla ricerca di un lavoro dignitoso - aggiunge l\u2019esponente dell\u2019esecutivo sardo -.<\/p>\n\n\n\n<p>La Regione c\u2019\u00e8, ed \u00e8 impegnata a promuovere nuove opportunit\u00e0 anche per i giovani, le donne e i disoccupati. Siamo vicini agli operai in protesta contro la chiusura dei siti industriali nelle aree di crisi di Portovesme, di Porto Torres, di Ottana e a tutti i lavoratori a rischio licenziamento, che in tutta la Sardegna lottano in difesa del proprio posto di lavoro. Siamo vicini a loro, ma anche alle imprese, che vanno sostenute, perch\u00e9 sono proprio le aziende che offrono occupazione. L\u2019accesso al lavoro - conclude - e la dignit\u00e0 del lavoro costituiscono infatti i pilastri per la costruzione di una societ\u00e0 pi\u00f9 equa ed inclusiva, come ispira la nostra Costituzione\u201d. Com<\/p>\n","protected":false},"excerpt":{"rendered":"<p>Cagliari, 1 Magg 2023\u00a0&#8211; \u201cL&#8217;Italia \u00e8 una Repubblica democratica, fondata sul lavoro, recita il primo articolo della nostra Costituzione. Un principio fondante, un diritto costituzionale&#8230;<\/p>\n","protected":false},"author":2,"featured_media":235318,"comment_status":"closed","ping_status":"open","sticky":false,"template":"","format":"standard","meta":[],"categories":[49,52],"tags":[],"_links":{"self":[{"href":"https:\/\/www.cronacaonline.it\/index.php\/wp-json\/wp\/v2\/posts\/235317"}],"collection":[{"href":"https:\/\/www.cronacaonline.it\/index.php\/wp-json\/wp\/v2\/posts"}],"about":[{"href":"https:\/\/www.cronacaonline.it\/index.php\/wp-json\/wp\/v2\/types\/post"}],"author":[{"embeddable":true,"href":"https:\/\/www.cronacaonline.it\/index.php\/wp-json\/wp\/v2\/users\/2"}],"replies":[{"embeddable":true,"href":"https:\/\/www.cronacaonline.it\/index.php\/wp-json\/wp\/v2\/comments?post=235317"}],"version-history":[{"count":1,"href":"https:\/\/www.cronacaonline.it\/index.php\/wp-json\/wp\/v2\/posts\/235317\/revisions"}],"predecessor-version":[{"id":235319,"href":"https:\/\/www.cronacaonline.it\/index.php\/wp-json\/wp\/v2\/posts\/235317\/revisions\/235319"}],"wp:featuredmedia":[{"embeddable":true,"href":"https:\/\/www.cronacaonline.it\/index.php\/wp-json\/wp\/v2\/media\/235318"}],"wp:attachment":[{"href":"https:\/\/www.cronacaonline.it\/index.php\/wp-json\/wp\/v2\/media?parent=235317"}],"wp:term":[{"taxonomy":"category","embeddable":true,"href":"https:\/\/www.cronacaonline.it\/index.php\/wp-json\/wp\/v2\/categories?post=235317"},{"taxonomy":"post_tag","embeddable":true,"href":"https:\/\/www.cronacaonline.it\/index.php\/wp-json\/wp\/v2\/tags?post=235317"}],"curies":[{"name":"wp","href":"https:\/\/api.w.org\/{rel}","templated":true}]}}