{"id":235300,"date":"2023-04-30T11:17:07","date_gmt":"2023-04-30T09:17:07","guid":{"rendered":"https:\/\/www.cronacaonline.it\/?p=235300"},"modified":"2023-04-30T11:17:11","modified_gmt":"2023-04-30T09:17:11","slug":"primo-maggio-il-presidente-sardegna-il-lavoro-e-dignita","status":"publish","type":"post","link":"https:\/\/www.cronacaonline.it\/index.php\/2023\/04\/30\/primo-maggio-il-presidente-sardegna-il-lavoro-e-dignita\/","title":{"rendered":"Primo maggio, il presidente Sardegna: \u201cil lavoro \u00e8 dignit\u00e0."},"content":{"rendered":"\n<p>Cagliari, 30 Apr 2023 \u2013\u00a0\u201cIl lavoro \u00e8 dignit\u00e0, libert\u00e0, fonte di accrescimento culturale, economico e sociale. Il lavoro rappresenta la dimensione fondamentale per la vita di ogni uomo e di ogni donna, un diritto sacrosanto che abbiamo il dovere di difendere per costruire una societ\u00e0 migliore, inclusiva e giusta. Oggi il mio pensiero va a tutte le donne e gli uomini che si impegnano nel loro lavoro, a tutti coloro che ancora attendono stabilit\u00e0 e certezze nell'occupazione e, in modo particolare, ai lavoratori di Portovesme e San Gavino che la multinazionale Glencore sta condannando ad una stagione drammatica di incertezza. La Regione non li abbandoner\u00e0 e garantir\u00e0 non solo il sostegno di ammortizzatori sociali, ma anche ogni azione finalizzata a esplorare possibili soluzioni per la ripresa degli impianti\u201d. Lo ha detto il Presidente della Regione sarda, alla vigilia della Festa nazionale del Lavoro.<\/p>\n\n\n\n<p>\u201cDavanti a una precariet\u00e0 dilagante \u2013 spiega il Presidente - la Regione ha messo in campo azioni e risorse per combattere l\u2019impoverimento occupazionale, l\u2019emorragia di posti di lavoro, le difficolt\u00e0 di reinserimento lavorativo per le categorie considerate pi\u00f9 fragili e per creare nuove opportunit\u00e0 di sviluppo che nei diversi ambiti possano accrescere la competitivit\u00e0 del sistema sardo e offrire pi\u00f9 certezze lavorative\u201d.<\/p>\n\n\n\n<p>Rivolgendo un pensiero particolare ai giovani, il Presidente ha evidenziato come \u201cla Sardegna abbia bisogno dell\u2019intraprendenza e dell\u2019entusiasmo delle nuove generazioni, che si affacciano con spirito genuino e positivo al mercato del lavoro\u201d.<\/p>\n\n\n\n<p>\u201cLa lotta allo spopolamento - ha proseguito il Presidente - &nbsp;consiste anche nel creare nuove opportunit\u00e0 in grado di lenire la piaga dell\u2019esodo giovanile per lasciare nella nostra terra capitale umano, ricchezza, saperi. Oggi abbiamo il dovere di pensare a chi il lavoro non lo ha, a chi lo ha perso e fatica a ritrovarlo, a chi lo cerca per la prima volta e a chi, per i motivi pi\u00f9 disparati, non riesce a costruire una propria identit\u00e0 lavorativa\u201d.<\/p>\n\n\n\n<p>Dietro i numeri, ha aggiunto, \u201cci sono sempre delle persone. Penso ai nostri giovani ma anche alle donne, tante volte vittime di una societ\u00e0 che ancora oggi tende ad emarginare anzich\u00e9 accogliere, ad escludere anzich\u00e9 includere, a penalizzare anzich\u00e9 valorizzare sia in termini di opportunit\u00e0, sia in termini di competenze, adattamento e attitudini al lavoro, oltre che in termini salariali. Red<\/p>\n","protected":false},"excerpt":{"rendered":"<p>Cagliari, 30 Apr 2023 \u2013\u00a0\u201cIl lavoro \u00e8 dignit\u00e0, libert\u00e0, fonte di accrescimento culturale, economico e sociale. Il lavoro rappresenta la dimensione fondamentale per la vita&#8230;<\/p>\n","protected":false},"author":2,"featured_media":126419,"comment_status":"closed","ping_status":"open","sticky":false,"template":"","format":"standard","meta":[],"categories":[49,52],"tags":[],"_links":{"self":[{"href":"https:\/\/www.cronacaonline.it\/index.php\/wp-json\/wp\/v2\/posts\/235300"}],"collection":[{"href":"https:\/\/www.cronacaonline.it\/index.php\/wp-json\/wp\/v2\/posts"}],"about":[{"href":"https:\/\/www.cronacaonline.it\/index.php\/wp-json\/wp\/v2\/types\/post"}],"author":[{"embeddable":true,"href":"https:\/\/www.cronacaonline.it\/index.php\/wp-json\/wp\/v2\/users\/2"}],"replies":[{"embeddable":true,"href":"https:\/\/www.cronacaonline.it\/index.php\/wp-json\/wp\/v2\/comments?post=235300"}],"version-history":[{"count":1,"href":"https:\/\/www.cronacaonline.it\/index.php\/wp-json\/wp\/v2\/posts\/235300\/revisions"}],"predecessor-version":[{"id":235301,"href":"https:\/\/www.cronacaonline.it\/index.php\/wp-json\/wp\/v2\/posts\/235300\/revisions\/235301"}],"wp:featuredmedia":[{"embeddable":true,"href":"https:\/\/www.cronacaonline.it\/index.php\/wp-json\/wp\/v2\/media\/126419"}],"wp:attachment":[{"href":"https:\/\/www.cronacaonline.it\/index.php\/wp-json\/wp\/v2\/media?parent=235300"}],"wp:term":[{"taxonomy":"category","embeddable":true,"href":"https:\/\/www.cronacaonline.it\/index.php\/wp-json\/wp\/v2\/categories?post=235300"},{"taxonomy":"post_tag","embeddable":true,"href":"https:\/\/www.cronacaonline.it\/index.php\/wp-json\/wp\/v2\/tags?post=235300"}],"curies":[{"name":"wp","href":"https:\/\/api.w.org\/{rel}","templated":true}]}}