{"id":235295,"date":"2023-04-30T07:54:13","date_gmt":"2023-04-30T05:54:13","guid":{"rendered":"https:\/\/www.cronacaonline.it\/?p=235295"},"modified":"2023-04-30T07:54:16","modified_gmt":"2023-04-30T05:54:16","slug":"assessore-lai-conclusa-con-approvazione-finale-del-documento-la-conferenza-internazionale-dellemigrazione-sarda","status":"publish","type":"post","link":"https:\/\/www.cronacaonline.it\/index.php\/2023\/04\/30\/assessore-lai-conclusa-con-approvazione-finale-del-documento-la-conferenza-internazionale-dellemigrazione-sarda\/","title":{"rendered":"Assessore Lai &#8211; Conclusa con approvazione finale del documento la conferenza internazionale dell\u2019emigrazione sarda."},"content":{"rendered":"\n<p>Cagliari, 30 Apr 2023\u00a0- Si \u00e8 conclusa ieri con l\u2019approvazione di un Documento finale la Conferenza internazionale dell\u2019Emigrazione sarda, una due giorni di confronto, dibattito e riflessione sul ruolo delle comunit\u00e0 dei sardi nel mondo oggi e nel prossimo futuro.\u00a0\u00a0\u201cIn questo atto c\u2019\u00e8 l\u2019impegno della Regione di rilanciare il ruolo delle comunit\u00e0 dei sardi nel mondo - spiega l\u2019assessore regionale del Lavoro, Ada Lai - come attori, ponti e ambasciatori, fisici e virtuali, fra i territori d\u2019origine e quelli di nuova residenza. Per dare nuova linfa a questo importante processo di cambiamento dei circoli, in una realt\u00e0 locale e globale in evoluzione, occorre promuovere il ricambio generazionale per dare nuovi stimoli alle associazioni\u201d.<\/p>\n\n\n\n<p>A sigillare la conclusione dei lavori della Conferenza, in tarda serata, l\u2019approvazione all\u2019unanimit\u00e0 di un documento programmatico con gli obiettivi da raggiungere in futuro. L\u2019avvio della riforma della Legge Regionale 7 del 1991, aggiornata al nuovo contesto storico, al fine di valorizzare in chiave pi\u00f9 moderna le potenzialit\u00e0 dei sardi che vivono fuori dai confini regionali, creando le condizione perch\u00e9 si possa attivare un circolo virtuoso, anche sotto il profilo economico, in grado di attrarre ulteriori risorse, oltre a quelle regionali. La Regione si impegna a coinvolgere le comunit\u00e0 degli emigrati sardi nella strategia per lo sviluppo sostenibile, promuovendo dei progetti dinamici relativi all\u2019identit\u00e0, all\u2019innovazione tecnologica e alla biodiversit\u00e0.<\/p>\n\n\n\n<p>Sul tema \u00e8 intervenuto l\u2019assessore regionale dei Trasporti, Antonio Moro, che ha annunciato importanti novit\u00e0 per quanto riguarda le tariffe aeree per i non residenti. \u201cOggi posso finalmente dire di aver rispettato la promessa fatta al presidente delle Fasi italiane, Bastianino Mossa, con il quale mi sono personalmente impegnato a estendere le agevolazioni della continuit\u00e0 territoriale anche ai sardi nel mondo. Grazie al patto di amicizia con la compagnia AeroItalia, che collega gli scali di Alghero e Olbia alla Penisola, si applicano tariffe agevolate anche a coloro che non risiedono nella nostra Isola, superando cos\u00ec i limiti imposti dall\u2019Unione Europa per i nativi. La stessa soluzione sar\u00e0 adottata anche ai sardi nel mondo delle federazioni estere. Una grande attenzione - ha sottolineato Moro - verso la Sardegna da parte del mercato\u201d.<\/p>\n\n\n\n<p>In occasione della Conferenza internazionale dell\u2019Emigrazione Sarda \u00e8 stata realizzata un\u2019indagine tramite un processo di condivisione dal basso, che ha visto una grande partecipazione degli emigrati sardi. Oltre l\u201980% degli intervistati ha dichiarato la propria disponibilit\u00e0 a partecipare attivamente all\u2019attuazione della Strategia regionale per lo Sviluppo Sostenibile. \u00c8 emerso, inoltre, che all\u2019interno dei circoli sono presenti&nbsp;professionalit\u00e0 elevate come ingegneri ambientali, agronomi ed esperti di politica ambientale, legate al mondo accademico europeo e internazionale, che potrebbero mettere a disposizione della Sardegna le loro competenze. I gruppi di lavoro hanno fatto emergere anche alcune criticit\u00e0 molto sentite tra gli emigrati, tra queste il desiderio, da parte delle nuove generazioni di una maggiore partecipazione alla vita politica dell\u2019isola, troppo spesso limitata dalle modalit\u00e0 di voto per i fuori sede. Dall\u2019indagine, infine, \u00e8 emersa anche una profonda sensibilit\u00e0 ambientale per la tutela del paesaggio.<\/p>\n\n\n\n<p>Spazio alle testimonianze dei giovani che hanno esportato il loro talento all\u2019estero dalla Spagna all\u2019Inghilterra, passando dalla Danimarca fino ad arrivare all\u2019Estremo Oriente, dove il sassarese Giovanni Piliarvu ha potuto esprimere tutta la sua creativit\u00e0 nel campo della fotografia. Sua la mostra \u201cNiche07\u201d, allestita negli spazi di Palazzo Doglio e promossa dal circolo del Giappone. I suoi scatti dalla Sardegna arriveranno anche in Cina e in Argentina.<\/p>\n\n\n\n<p>\u201cA conclusione della Conferenza - la vecchia generazione dell\u2019emigrazione sarda&nbsp;passa il testimone alla nuova - ha detto Ada Lai - Perch\u00e9 questi giovani incarnano il volto di una nuova emigrazione, mossa dalla curiosit\u00e0, dall\u2019entusiasmo e dal desiderio di avere migliori opportunit\u00e0\u201d. Red<\/p>\n","protected":false},"excerpt":{"rendered":"<p>Cagliari, 30 Apr 2023\u00a0&#8211; Si \u00e8 conclusa ieri con l\u2019approvazione di un Documento finale la Conferenza internazionale dell\u2019Emigrazione sarda, una due giorni di confronto, dibattito&#8230;<\/p>\n","protected":false},"author":2,"featured_media":235254,"comment_status":"closed","ping_status":"open","sticky":false,"template":"","format":"standard","meta":[],"categories":[49,52],"tags":[],"_links":{"self":[{"href":"https:\/\/www.cronacaonline.it\/index.php\/wp-json\/wp\/v2\/posts\/235295"}],"collection":[{"href":"https:\/\/www.cronacaonline.it\/index.php\/wp-json\/wp\/v2\/posts"}],"about":[{"href":"https:\/\/www.cronacaonline.it\/index.php\/wp-json\/wp\/v2\/types\/post"}],"author":[{"embeddable":true,"href":"https:\/\/www.cronacaonline.it\/index.php\/wp-json\/wp\/v2\/users\/2"}],"replies":[{"embeddable":true,"href":"https:\/\/www.cronacaonline.it\/index.php\/wp-json\/wp\/v2\/comments?post=235295"}],"version-history":[{"count":1,"href":"https:\/\/www.cronacaonline.it\/index.php\/wp-json\/wp\/v2\/posts\/235295\/revisions"}],"predecessor-version":[{"id":235296,"href":"https:\/\/www.cronacaonline.it\/index.php\/wp-json\/wp\/v2\/posts\/235295\/revisions\/235296"}],"wp:featuredmedia":[{"embeddable":true,"href":"https:\/\/www.cronacaonline.it\/index.php\/wp-json\/wp\/v2\/media\/235254"}],"wp:attachment":[{"href":"https:\/\/www.cronacaonline.it\/index.php\/wp-json\/wp\/v2\/media?parent=235295"}],"wp:term":[{"taxonomy":"category","embeddable":true,"href":"https:\/\/www.cronacaonline.it\/index.php\/wp-json\/wp\/v2\/categories?post=235295"},{"taxonomy":"post_tag","embeddable":true,"href":"https:\/\/www.cronacaonline.it\/index.php\/wp-json\/wp\/v2\/tags?post=235295"}],"curies":[{"name":"wp","href":"https:\/\/api.w.org\/{rel}","templated":true}]}}