{"id":235253,"date":"2023-04-28T19:30:06","date_gmt":"2023-04-28T17:30:06","guid":{"rendered":"https:\/\/www.cronacaonline.it\/?p=235253"},"modified":"2023-04-28T19:30:09","modified_gmt":"2023-04-28T17:30:09","slug":"al-via-la-conferenza-internazionale-dellemigrazione-sarda-il-presidente-della-sardegna-valorizzare-il-prezioso-contributo-dei-sardi-nel-mondo","status":"publish","type":"post","link":"https:\/\/www.cronacaonline.it\/index.php\/2023\/04\/28\/al-via-la-conferenza-internazionale-dellemigrazione-sarda-il-presidente-della-sardegna-valorizzare-il-prezioso-contributo-dei-sardi-nel-mondo\/","title":{"rendered":"Al via la conferenza internazionale dell\u2019emigrazione sarda, il presidente della Sardegna: \u201cvalorizzare il prezioso contributo dei sardi nel mondo\u201d."},"content":{"rendered":"\n<p>Cagliari, 28 Apr 2023 \u2013\u00a0Nei giorni in cui si celebra l\u2019orgoglio del popolo sardo, sulle note delle launeddas e della Banda della Brigata Sassari si \u00e8 aperta oggi, al Teatro Doglio di Cagliari, la Conferenza Internazionale dell\u2019Emigrazione sarda, organizzata dall\u2019Assessorato regionale del Lavoro. Un momento di confronto per capire come attualizzare e valorizzare il ruolo dei sardi nel mondo, anche alla luce dei cambiamenti avvenuti nell\u2019ultimo ventennio e delle sfide globali odierne.<\/p>\n\n\n\n<p>&nbsp;\u201cDopo quindici anni, sono orgoglioso di potervi accogliere in Sardegna, in occasione della Conferenza Internazionale dell\u2019Emigrazione Sarda. Un momento tanto atteso sia da voi, che da me, dall\u2019intera Giunta Regionale. Non c\u2019era giorno migliore di questo per celebrare questa Conferenza. Oggi \u00e8 Sa Die de Sa Sardigna, il giorno dell\u2019orgoglio e dell\u2019identit\u00e0 sarda.<\/p>\n\n\n\n<p>\u201cI protagonisti di questa assemblea siete voi, figli della Sardegna e ambasciatori della nostra Isola in tutto il mondo - afferma il Presidente - La Regione Sarda, consapevole dell'inestimabile valore espresso dalle comunit\u00e0 degli emigrati sardi in Italia e nel mondo, ha voluto realizzare questo importante evento che sar\u00e0 non solo un luogo di incontro e condivisione sul tema dell\u2019emigrazione, ma anche l\u2019occasione per dare il giusto riconoscimento al vostro prezioso contributo nella promozione della nostra terra. Il profondo senso di appartenenza e di orgoglio identitario che coltivate e tramandate con passione \u00e8 un filo che mai si spezzer\u00e0, e che intendiamo rafforzare affinch\u00e9&nbsp;le distanze siano annullate e ci sia sempre in voi un pezzo di Sardegna, e nell\u2019isola una traccia di voi. Un legame che ci unisce nonostante le distanze e che ci rende orgogliosi, perch\u00e9 rappresenta anche la nostra capacit\u00e0 di esportare talenti e competenze oltre i nostri confini regionali. E siamo qui anche per questo, per discutere di quanto e come possiamo arricchire le comunit\u00e0 dei sardi nel mondo. La Regione c\u2019\u00e8&nbsp;e ci sar\u00e0 sempre - sottolinea - Come voi sapete, la Legge Regionale n.7 del 1991 ha creato la base normativa per un dialogo ed una collaborazione costante tra l\u2019Istituzione Autonomistica e i Sardi nel mondo.<\/p>\n\n\n\n<p>Molti nostri circoli hanno celebrato nel corso del 2022, con una serie di appuntamenti, un grande orgoglio della Sardegna, il premio Nobel Grazia Deledda, nel 150esimo dalla nascita. Era emigrata anche lei, ma la sua anima rimase sempre in Sardegna. Se conto qualcosa nella letteratura italiana e mondiale, scriveva, lo devo esclusivamente alla mia terra d\u2019origine. In Grazia Deledda c\u2019\u00e8 la Sardegna dei sentimenti, dell\u2019amore per la sua terra. Del resto - aggiunge il presidente della Sardegna - noi non siamo solo una Regione. Siamo molto di pi\u00f9: siamo una Nazione, e cio\u00e8 un popolo che al di l\u00e0 dei confini continua a sentirsi tale, e a conservare tradizioni, spiritualit\u00e0, identit\u00e0 uniche. Per questo oggi celebriamo insieme Sa Die de sa Sardigna: perch\u00e9&nbsp;essa ricorda un momento storico nel quale, dopo secoli di dominazioni che sembravano averne cancellato l\u2019identit\u00e0, questo popolo quell\u2019identit\u00e0 seppe misteriosamente riscoprirla, ritrovarla e scagliarla contro un potere oppressore e tiranno\u201d.<\/p>\n\n\n\n<p>Il tema della prima giornata della Conferenza \u00e8 \u201cL\u2019emigrazione sarda oggi\u201d, domani il confronto proseguir\u00e0 sul futuro dell\u2019emigrazione e il ruolo che dovranno avere i circoli per testimoniare la millenaria cultura sarda alle nuove generazioni.<\/p>\n\n\n\n<p>\u201cI sardi nel mondo sono una grande risorsa - afferma l\u2019assessore regionale del Lavoro, Ada Lai - possiamo considerarli gli ambasciatori della Sardegna. I circoli nel tempo sono cambiati, sia in termini socio-demografici che economici, ma il loro attaccamento alla terra d\u2019origine \u00e8 rimasto intatto. Oggi, ancor di pi\u00f9 \u00e8 importante coinvolgerli per rilanciare il loro ruolo nel prossimo futuro\u201d.<\/p>\n\n\n\n<p>La Regione,&nbsp;accogliendo&nbsp;le proposte della Consulta regionale per l\u2019emigrazione che all\u2019unanimit\u00e0 ha espresso parere favorevole al programma, ha gi\u00e0 approvato il programma annuale per l'emigrazione 2023, che prevede gli interventi a favore dell'associazionismo tra i sardi in Italia e all\u2019estero e la ripartizione dei contributi annuali per le spese di funzionamento dell\u2019attivit\u00e0 dei circoli. Il piano introduce novit\u00e0 importanti, dall\u2019aggiornamento dei criteri per la ripartizione del contributo annuale, in particolare in relazione al numero dei soci iscritti; alla concessione di un sostegno straordinario per quei circoli che nel 2022 abbiano realizzato attivit\u00e0 ed eventi coerenti con la programmazione regionale in materia di emigrazione, al finanziamento di progetti per la valorizzazione dell\u2019identit\u00e0 e della conoscenza della cultura sarda tra le giovani generazioni, all\u2019erogazione di un contributo ai Comuni che corrispondono un rimborso ai lavoratori emigrati che intendano rientrare in Sardegna.<\/p>\n\n\n\n<p>Partecipano alla Conferenza&nbsp;&nbsp;99 circoli, di cui 57 provenienti dal resto dell\u2019Italia, 24 dall\u2019Europa (3 dall\u2019Olanda, 3 dalla Spagna, 1 dalla Bulgaria, 8 dalla Germania, 1 dalla Polonia, 1 dalla Danimarca, 2 dalla Francia, 5 dalla Svizzera), 10 dall\u2019America Meridionale (8 dall\u2019Argentina e 2 dal Brasile),2 dal Canada, 3 dall\u2019Australia, 1 dal Giappone, 2 dagli Stati Uniti, oltre ai rappresentati delle 5 associazioni di tutela e i presidenti delle 4 Federazioni (Italia, Svizzera, Argentina e Germania) e 12 membri della Consulta regionale per l\u2019emigrazione. Com<\/p>\n","protected":false},"excerpt":{"rendered":"<p>Cagliari, 28 Apr 2023 \u2013\u00a0Nei giorni in cui si celebra l\u2019orgoglio del popolo sardo, sulle note delle launeddas e della Banda della Brigata Sassari si&#8230;<\/p>\n","protected":false},"author":2,"featured_media":235254,"comment_status":"closed","ping_status":"open","sticky":false,"template":"","format":"standard","meta":[],"categories":[49,52],"tags":[],"_links":{"self":[{"href":"https:\/\/www.cronacaonline.it\/index.php\/wp-json\/wp\/v2\/posts\/235253"}],"collection":[{"href":"https:\/\/www.cronacaonline.it\/index.php\/wp-json\/wp\/v2\/posts"}],"about":[{"href":"https:\/\/www.cronacaonline.it\/index.php\/wp-json\/wp\/v2\/types\/post"}],"author":[{"embeddable":true,"href":"https:\/\/www.cronacaonline.it\/index.php\/wp-json\/wp\/v2\/users\/2"}],"replies":[{"embeddable":true,"href":"https:\/\/www.cronacaonline.it\/index.php\/wp-json\/wp\/v2\/comments?post=235253"}],"version-history":[{"count":1,"href":"https:\/\/www.cronacaonline.it\/index.php\/wp-json\/wp\/v2\/posts\/235253\/revisions"}],"predecessor-version":[{"id":235255,"href":"https:\/\/www.cronacaonline.it\/index.php\/wp-json\/wp\/v2\/posts\/235253\/revisions\/235255"}],"wp:featuredmedia":[{"embeddable":true,"href":"https:\/\/www.cronacaonline.it\/index.php\/wp-json\/wp\/v2\/media\/235254"}],"wp:attachment":[{"href":"https:\/\/www.cronacaonline.it\/index.php\/wp-json\/wp\/v2\/media?parent=235253"}],"wp:term":[{"taxonomy":"category","embeddable":true,"href":"https:\/\/www.cronacaonline.it\/index.php\/wp-json\/wp\/v2\/categories?post=235253"},{"taxonomy":"post_tag","embeddable":true,"href":"https:\/\/www.cronacaonline.it\/index.php\/wp-json\/wp\/v2\/tags?post=235253"}],"curies":[{"name":"wp","href":"https:\/\/api.w.org\/{rel}","templated":true}]}}