{"id":235241,"date":"2023-04-28T15:15:44","date_gmt":"2023-04-28T13:15:44","guid":{"rendered":"https:\/\/www.cronacaonline.it\/?p=235241"},"modified":"2023-04-28T15:15:46","modified_gmt":"2023-04-28T13:15:46","slug":"lassessore-lai-interviene-al-convegno-dellordine-dei-consulenti-del-lavoro-competenze-legalita-formazione-lai-co-progettare-gli-avvisi-pubblici-con-i-p","status":"publish","type":"post","link":"https:\/\/www.cronacaonline.it\/index.php\/2023\/04\/28\/lassessore-lai-interviene-al-convegno-dellordine-dei-consulenti-del-lavoro-competenze-legalita-formazione-lai-co-progettare-gli-avvisi-pubblici-con-i-p\/","title":{"rendered":"L\u2019assessore lai interviene al convegno dell\u2019ordine dei consulenti del lavoro \u201ccompetenze, legalit\u00e0. Formazione\u201d. Lai: \u201cco-progettare gli avvisi pubblici con i professionisti\u201d."},"content":{"rendered":"\n<p>Cagliari, 28 Apr 2023 \u2013\u00a0\u201cUn\u2019occasione di confronto con i professionisti di riferimento del mercato del lavoro per affrontare le criticit\u00e0 e trovare le soluzioni utili alla costruzione di un mondo del lavoro nuovo, pi\u00f9 equo e con pi\u00f9 opportunit\u00e0 per tutti. Un mercato del lavoro con leggi e regolamenti pi\u00f9 semplici. Occorre semplificare la Pubblica Amministrazione per fare bene alle imprese, perch\u00e9 la Governance deve essere sempre pi\u00f9 al servizio del cittadino\u201d. Cos\u00ec l\u2019assessore regionale del Lavoro, Ada Lai, \u00e8 intervenuta al Convegno regionale dell\u2019Ordine dei Consulenti del Lavoro, tenutosi oggi al T-Hotel di Cagliari, alla presenza della Ministra del Lavoro, Marina Calderone.<\/p>\n\n\n\n<p>\u201cIl lavoro c\u2019\u00e8, nonostante la difficolt\u00e0 di far incontrare la domanda, l\u2019offerta e le istituzioni. In un mercato del lavoro in continua evoluzione - ha detto Lai rivolgendosi ai consulenti del Lavoro - occorre coinvolgere i professionisti nella fase di co-progettazione degli avvisi pubblici, perch\u00e9&nbsp;siete una risorsa importante, voi che siete sempre in prima linea potete aiutarci a capire cosa serve davvero alle imprese e ai lavoratori, per costruire una Sardegna pi\u00f9 produttiva e con maggiori opportunit\u00e0 lavorative\u201d. Com<\/p>\n","protected":false},"excerpt":{"rendered":"<p>Cagliari, 28 Apr 2023 \u2013\u00a0\u201cUn\u2019occasione di confronto con i professionisti di riferimento del mercato del lavoro per affrontare le criticit\u00e0 e trovare le soluzioni utili&#8230;<\/p>\n","protected":false},"author":2,"featured_media":235243,"comment_status":"closed","ping_status":"open","sticky":false,"template":"","format":"standard","meta":[],"categories":[49,52],"tags":[],"_links":{"self":[{"href":"https:\/\/www.cronacaonline.it\/index.php\/wp-json\/wp\/v2\/posts\/235241"}],"collection":[{"href":"https:\/\/www.cronacaonline.it\/index.php\/wp-json\/wp\/v2\/posts"}],"about":[{"href":"https:\/\/www.cronacaonline.it\/index.php\/wp-json\/wp\/v2\/types\/post"}],"author":[{"embeddable":true,"href":"https:\/\/www.cronacaonline.it\/index.php\/wp-json\/wp\/v2\/users\/2"}],"replies":[{"embeddable":true,"href":"https:\/\/www.cronacaonline.it\/index.php\/wp-json\/wp\/v2\/comments?post=235241"}],"version-history":[{"count":1,"href":"https:\/\/www.cronacaonline.it\/index.php\/wp-json\/wp\/v2\/posts\/235241\/revisions"}],"predecessor-version":[{"id":235244,"href":"https:\/\/www.cronacaonline.it\/index.php\/wp-json\/wp\/v2\/posts\/235241\/revisions\/235244"}],"wp:featuredmedia":[{"embeddable":true,"href":"https:\/\/www.cronacaonline.it\/index.php\/wp-json\/wp\/v2\/media\/235243"}],"wp:attachment":[{"href":"https:\/\/www.cronacaonline.it\/index.php\/wp-json\/wp\/v2\/media?parent=235241"}],"wp:term":[{"taxonomy":"category","embeddable":true,"href":"https:\/\/www.cronacaonline.it\/index.php\/wp-json\/wp\/v2\/categories?post=235241"},{"taxonomy":"post_tag","embeddable":true,"href":"https:\/\/www.cronacaonline.it\/index.php\/wp-json\/wp\/v2\/tags?post=235241"}],"curies":[{"name":"wp","href":"https:\/\/api.w.org\/{rel}","templated":true}]}}