{"id":235238,"date":"2023-04-28T15:12:30","date_gmt":"2023-04-28T13:12:30","guid":{"rendered":"https:\/\/www.cronacaonline.it\/?p=235238"},"modified":"2023-04-28T15:12:33","modified_gmt":"2023-04-28T13:12:33","slug":"a-die-il-presidente-sardegna-giornata-di-festa-e-occasione-per-riflettere-e-superare-le-differenze","status":"publish","type":"post","link":"https:\/\/www.cronacaonline.it\/index.php\/2023\/04\/28\/a-die-il-presidente-sardegna-giornata-di-festa-e-occasione-per-riflettere-e-superare-le-differenze\/","title":{"rendered":"A die, il presidente Sardegna: \u201cgiornata di festa e occasione per riflettere e superare le differenze."},"content":{"rendered":"\n<p>Cagliari, 28 Apr 2023 \u2013\u00a0\u201cLa giornata del popolo sardo rappresenta un simbolo importante che ci richiama a riflettere su noi stessi, ad assumere una coscienza collettiva di nazione con la propria cultura, lingua, tradizioni e che vede, nell'evolversi dei secoli, una serie di tappe importanti. La nazione sarda oggi \u00e8 di fronte a se stessa, alla propria storia, e pu\u00f2 riflettere su come affrontare con una identit\u00e0 rinnovata una societ\u00e0 globale come quella odierna. Riflettere sulla nostra identit\u00e0 non significa chiuderci, significa aprirci al mondo avendo consapevolezza di noi. Viva la Sardegna\u201d. Con queste parole il Presidente della Regione sarda ha inaugurato stamani, al Catello di San Michele, la mostra fotografica \u201cCastelli medievali di Sardegna\u201d, aprendo cos\u00ec ufficialmente i festeggiamenti per Sa Die de Sa Sardigna, di cui quest\u2019anno ricorre il trentennale.<\/p>\n\n\n\n<p>Prima di recarsi alla Santa Messa in Cattedrale il Presidente della Sardegna \u00e8 intervenuto in Consiglio regionale. Nel corso del suo intervento, tenuto interamente in lingua sarda, il Presidente ha evidenziato l\u2019importanza della giornata di festa contestualizzandola rispetto al momento storico che stiamo vivendo e alle sfide future, ma anche rispetto all\u2019agenda politica nazionale.<\/p>\n\n\n\n<p>\u201cCi troviamo alla vigilia di una importante riforma sulle autonomie differenziate, la cosiddetta riforma Calderoli, che vede innalzarsi un muro contro perch\u00e9 si sta facendo strada un sentimento di malcelato conservatorismo di gattopardiana memoria \u2013 ha aggiunto- Eppure sarebbe questa l\u2019occasione per affermare la nostra integrit\u00e0 di popolo, rivendicando i nostri diritti storici uniti e coesi, superando le differenze che esistono in tutte le societ\u00e0 democratiche, per avanzare una proposta non subalterna,&nbsp;&nbsp;per una politica sarda che esalti la nostra identit\u00e0, il nostro diritto a essere protagonisti reali dello sviluppo dell\u2019Isola, il nostro diritto a non emigrare, il nostro diritto sacro a essere padroni della nostra terra e del nostro futuro\u201d.<\/p>\n\n\n\n<p>\u201cDepimus recuperare su significadu prenu, chi s\u2019est isboidadu in su tempus, de par\u00e0ulas \u2018autonomia\u2019, \u2018autodeterminatzione\u2019, \u2018soberania territoriale\u2019 pro mobilitare e cungregare sas cuss\u00e8ntzias de sos sardos isvilupende unu protzessu virtuosu fatu de progetualidade, coer\u00e8ntzia, partetzipatzione, unidade de p\u00f2pulu e rapresent\u00e0ntzia sua\u201d -. \u201cDobbiamo recuperare il significato pieno, andatosi a svuotare nel tempo, di parole come autonomia, autodeterminazione, sovranit\u00e0 territoriale per mobilitare e aggregare le coscienze dei sardi sviluppando un processo virtuoso fatto di progettualit\u00e0, coerenza, partecipazione, unit\u00e0 di popolo e sua rappresentanza - ha detto il Presidente&nbsp;evidenziando la necessit\u00e0 \u201cdi essere sovrani nei progetti, nelle scelte, nel governo dell\u2019Isola\u201d.<\/p>\n\n\n\n<p>Un\u2019esigenza questa, che secondo il Presidente, \u201csi rende ancor pi\u00f9 necessaria al fine di rivendicare positivamente e attualizzare il valore della nostra specialit\u00e0 per richiedere il massimo della competenza legislativa esclusiva per far valere le ragioni dell\u2019inscindibile connubio tra specialit\u00e0 e governo dell\u2019autonomia. In questo - ha proseguito il Presidente - si afferma la distinzione fra regioni a statuto differenziato e regioni a statuto speciale. Il regionalismo differenziato si muove nel sistema tradizionale di autonomia intesa nel senso statalista quindi in forma ottriata. La specialit\u00e0 si ispira e trae forza e vitalit\u00e0 dalla matrice dei sistemi federali, dove non si valuta quantitativamente l\u2019ampiezza dell\u2019autonomia, ma assume rilievo la compatibilit\u00e0 dei diversi livelli di governo entrambi autonomi e sovrani e vi \u00e8 una cessione di sovranit\u00e0 del livello regionale solo per poche limitate e determinate materie non gestibili a livello locale\u201d.<\/p>\n\n\n\n<p>\u201cDopo aver partecipato alla Santa Messa in Cattedrale di Cagliari, nel pomeriggio il Presidente interverr\u00e0 Conferenza internazionale dell\u2019emigrazione sarda, in programma oggi e domani. In serata a Sassari, parteciper\u00e0 alla rievocazione storica: \u201c1796 - Alternos, Giovanni Maria Angioy\u201d, un altro importante appuntamento organizzato per la Giornata dell\u2019orgoglio sardo, che nel corso di 27&nbsp;anni di celebrazioni (la prima edizione \u00e8 del 1996), fra alti e bassi, ha mantenuto sempre immutata la magia di un sentimento nazionale dei sardi che, come ha evidenziato il Presidente, ancora oggi costituisce il collante morale e spirituale del nostro sentirci popolo e nazione sarda. Com<\/p>\n","protected":false},"excerpt":{"rendered":"<p>Cagliari, 28 Apr 2023 \u2013\u00a0\u201cLa giornata del popolo sardo rappresenta un simbolo importante che ci richiama a riflettere su noi stessi, ad assumere una coscienza&#8230;<\/p>\n","protected":false},"author":2,"featured_media":235239,"comment_status":"closed","ping_status":"open","sticky":false,"template":"","format":"standard","meta":[],"categories":[49,52],"tags":[],"_links":{"self":[{"href":"https:\/\/www.cronacaonline.it\/index.php\/wp-json\/wp\/v2\/posts\/235238"}],"collection":[{"href":"https:\/\/www.cronacaonline.it\/index.php\/wp-json\/wp\/v2\/posts"}],"about":[{"href":"https:\/\/www.cronacaonline.it\/index.php\/wp-json\/wp\/v2\/types\/post"}],"author":[{"embeddable":true,"href":"https:\/\/www.cronacaonline.it\/index.php\/wp-json\/wp\/v2\/users\/2"}],"replies":[{"embeddable":true,"href":"https:\/\/www.cronacaonline.it\/index.php\/wp-json\/wp\/v2\/comments?post=235238"}],"version-history":[{"count":1,"href":"https:\/\/www.cronacaonline.it\/index.php\/wp-json\/wp\/v2\/posts\/235238\/revisions"}],"predecessor-version":[{"id":235240,"href":"https:\/\/www.cronacaonline.it\/index.php\/wp-json\/wp\/v2\/posts\/235238\/revisions\/235240"}],"wp:featuredmedia":[{"embeddable":true,"href":"https:\/\/www.cronacaonline.it\/index.php\/wp-json\/wp\/v2\/media\/235239"}],"wp:attachment":[{"href":"https:\/\/www.cronacaonline.it\/index.php\/wp-json\/wp\/v2\/media?parent=235238"}],"wp:term":[{"taxonomy":"category","embeddable":true,"href":"https:\/\/www.cronacaonline.it\/index.php\/wp-json\/wp\/v2\/categories?post=235238"},{"taxonomy":"post_tag","embeddable":true,"href":"https:\/\/www.cronacaonline.it\/index.php\/wp-json\/wp\/v2\/tags?post=235238"}],"curies":[{"name":"wp","href":"https:\/\/api.w.org\/{rel}","templated":true}]}}