{"id":235214,"date":"2023-04-28T09:37:50","date_gmt":"2023-04-28T07:37:50","guid":{"rendered":"https:\/\/www.cronacaonline.it\/?p=235214"},"modified":"2023-04-28T09:37:53","modified_gmt":"2023-04-28T07:37:53","slug":"sicurezza-strade-lassessore-saiu-in-consiglio-comunale-a-villamassargia","status":"publish","type":"post","link":"https:\/\/www.cronacaonline.it\/index.php\/2023\/04\/28\/sicurezza-strade-lassessore-saiu-in-consiglio-comunale-a-villamassargia\/","title":{"rendered":"Sicurezza strade, l\u2019assessore Saiu in consiglio comunale a Villamassargia."},"content":{"rendered":"\n<p>Cagliari, 28 Apr 2023 -\u00a0\"La SP2 rappresenta un'arteria particolarmente importante per la viabilit\u00e0 di collegamento tra il basso Sulcis e Cagliari. L'alto numero di incidenti, con conseguenze talvolta tragiche, giustifica qualunque azione orientata a rendere la strada pi\u00f9 sicura attraverso interventi che devono avere la massima priorit\u00e0, in particolare sul tratto Carbonia-Villamassargia sul quale si registrano le criticit\u00e0 pi\u00f9 forti\".<\/p>\n\n\n\n<p>Lo dichiara in una nota l'assessore regionale dei Lavori Pubblici, Pierluigi Saiu, che ieri pomeriggio ha partecipato alla seduta del Consiglio comunale di Villamassargia, un incontro che arriva dopo il tavolo operativo in Assessorato, riunito a marzo, che ha messo al centro la sicurezza della SP2 e al quale hanno preso parte i sindaci, la Provincia del Sud Sardegna e gli esponenti politici del territorio.<\/p>\n\n\n\n<p>\"A fine marzo \u2013 aggiunge Saiu - la Provincia ha ottenuto la deroga dal Ministero per la realizzazione dello spartitraffico e individuato le risorse per i lavori. L'incontro con i rappresentanti del territorio ha avuto l\u2019utilit\u00e0 di portare all\u2019attenzione altri interventi ritenuti necessari, tra questi la realizzazione di una rotatoria nell'intersezione della SP2 nel Comune di Villamassargia. Un'opera riconosciuta da tutti come indispensabile per migliorare la sicurezza in quel tratto e invocata da tempo\u201d.<\/p>\n\n\n\n<p>Soggetto attuatore dell'intervento potrebbe essere lo stesso Comune di Villamassargia: \"Valutiamo favorevolmente \u2013 conclude l'esponente della Giunta regionale sarda - la disponibilit\u00e0 dell'amministrazione in questo senso. Con la Provincia, su cui ricade la competenza della strada, decideremo chi sar\u00e0 il soggetto attuatore dell'opera, nell\u2019ottica di una collaborazione tra le istituzioni che ritengo sia indispensabile se si vogliono raggiungere obiettivi importanti\". Com<\/p>\n\n\n\n<p><\/p>\n","protected":false},"excerpt":{"rendered":"<p>Cagliari, 28 Apr 2023 &#8211;\u00a0&#8220;La SP2 rappresenta un&#8217;arteria particolarmente importante per la viabilit\u00e0 di collegamento tra il basso Sulcis e Cagliari. L&#8217;alto numero di incidenti,&#8230;<\/p>\n","protected":false},"author":2,"featured_media":235215,"comment_status":"closed","ping_status":"open","sticky":false,"template":"","format":"standard","meta":[],"categories":[49,52],"tags":[],"_links":{"self":[{"href":"https:\/\/www.cronacaonline.it\/index.php\/wp-json\/wp\/v2\/posts\/235214"}],"collection":[{"href":"https:\/\/www.cronacaonline.it\/index.php\/wp-json\/wp\/v2\/posts"}],"about":[{"href":"https:\/\/www.cronacaonline.it\/index.php\/wp-json\/wp\/v2\/types\/post"}],"author":[{"embeddable":true,"href":"https:\/\/www.cronacaonline.it\/index.php\/wp-json\/wp\/v2\/users\/2"}],"replies":[{"embeddable":true,"href":"https:\/\/www.cronacaonline.it\/index.php\/wp-json\/wp\/v2\/comments?post=235214"}],"version-history":[{"count":1,"href":"https:\/\/www.cronacaonline.it\/index.php\/wp-json\/wp\/v2\/posts\/235214\/revisions"}],"predecessor-version":[{"id":235216,"href":"https:\/\/www.cronacaonline.it\/index.php\/wp-json\/wp\/v2\/posts\/235214\/revisions\/235216"}],"wp:featuredmedia":[{"embeddable":true,"href":"https:\/\/www.cronacaonline.it\/index.php\/wp-json\/wp\/v2\/media\/235215"}],"wp:attachment":[{"href":"https:\/\/www.cronacaonline.it\/index.php\/wp-json\/wp\/v2\/media?parent=235214"}],"wp:term":[{"taxonomy":"category","embeddable":true,"href":"https:\/\/www.cronacaonline.it\/index.php\/wp-json\/wp\/v2\/categories?post=235214"},{"taxonomy":"post_tag","embeddable":true,"href":"https:\/\/www.cronacaonline.it\/index.php\/wp-json\/wp\/v2\/tags?post=235214"}],"curies":[{"name":"wp","href":"https:\/\/api.w.org\/{rel}","templated":true}]}}