{"id":235202,"date":"2023-04-28T08:49:53","date_gmt":"2023-04-28T06:49:53","guid":{"rendered":"https:\/\/www.cronacaonline.it\/?p=235202"},"modified":"2023-04-28T08:49:56","modified_gmt":"2023-04-28T06:49:56","slug":"consiglio-sardegna-si-riunisce-il-3-maggio-prossimo-per-le-dichiarazioni-della-giunta-in-materia-di-aeroporti-sardi","status":"publish","type":"post","link":"https:\/\/www.cronacaonline.it\/index.php\/2023\/04\/28\/consiglio-sardegna-si-riunisce-il-3-maggio-prossimo-per-le-dichiarazioni-della-giunta-in-materia-di-aeroporti-sardi\/","title":{"rendered":"Consiglio Sardegna si riunisce il 3 maggio prossimo per le Dichiarazioni della Giunta in materia di aeroporti sardi."},"content":{"rendered":"\n<p>Cagliari, 28 Apr 2023 \u2013 Il Consiglio regionale della Sardegna \u2013 \u00e8 stato reso noto ieri pomeriggio - si riunir\u00e0 mercoled\u00ec 3 maggio alle ore 11. Primo punto all\u2019ordine del giorno le Dichiarazioni della Giunta regionale in materia di aeroporti. Lo ha deciso la Conferenza dei Capigruppo che si \u00e8 riunita questo pomeriggio al termine della seduta dell\u2019Assemblea. Com<\/p>\n","protected":false},"excerpt":{"rendered":"<p>Cagliari, 28 Apr 2023 \u2013 Il Consiglio regionale della Sardegna \u2013 \u00e8 stato reso noto ieri pomeriggio &#8211; si riunir\u00e0 mercoled\u00ec 3 maggio alle ore&#8230;<\/p>\n","protected":false},"author":2,"featured_media":191709,"comment_status":"closed","ping_status":"open","sticky":false,"template":"","format":"standard","meta":[],"categories":[49,52],"tags":[],"_links":{"self":[{"href":"https:\/\/www.cronacaonline.it\/index.php\/wp-json\/wp\/v2\/posts\/235202"}],"collection":[{"href":"https:\/\/www.cronacaonline.it\/index.php\/wp-json\/wp\/v2\/posts"}],"about":[{"href":"https:\/\/www.cronacaonline.it\/index.php\/wp-json\/wp\/v2\/types\/post"}],"author":[{"embeddable":true,"href":"https:\/\/www.cronacaonline.it\/index.php\/wp-json\/wp\/v2\/users\/2"}],"replies":[{"embeddable":true,"href":"https:\/\/www.cronacaonline.it\/index.php\/wp-json\/wp\/v2\/comments?post=235202"}],"version-history":[{"count":1,"href":"https:\/\/www.cronacaonline.it\/index.php\/wp-json\/wp\/v2\/posts\/235202\/revisions"}],"predecessor-version":[{"id":235203,"href":"https:\/\/www.cronacaonline.it\/index.php\/wp-json\/wp\/v2\/posts\/235202\/revisions\/235203"}],"wp:featuredmedia":[{"embeddable":true,"href":"https:\/\/www.cronacaonline.it\/index.php\/wp-json\/wp\/v2\/media\/191709"}],"wp:attachment":[{"href":"https:\/\/www.cronacaonline.it\/index.php\/wp-json\/wp\/v2\/media?parent=235202"}],"wp:term":[{"taxonomy":"category","embeddable":true,"href":"https:\/\/www.cronacaonline.it\/index.php\/wp-json\/wp\/v2\/categories?post=235202"},{"taxonomy":"post_tag","embeddable":true,"href":"https:\/\/www.cronacaonline.it\/index.php\/wp-json\/wp\/v2\/tags?post=235202"}],"curies":[{"name":"wp","href":"https:\/\/api.w.org\/{rel}","templated":true}]}}